{"id":28118,"date":"2026-09-04T06:54:48","date_gmt":"2026-09-04T06:54:48","guid":{"rendered":"https:\/\/verges.design\/?p=28118"},"modified":"2026-09-04T06:55:47","modified_gmt":"2026-09-04T06:55:47","slug":"nouvel-espace-gastronomique-de-montagud-a-barcelone","status":"publish","type":"post","link":"https:\/\/verges.design\/fr\/nouvel-espace-gastronomique-de-montagud-a-barcelone\/","title":{"rendered":"Nouvel espace gastronomique de Montagud \u00e0 Barcelone"},"content":{"rendered":"<p dir=\"ltr\"><strong>Le nouvel espace gastronomique de Montagud \u00e0 Barcelone, con\u00e7u comme un point de rencontre et un moteur de la culture gastronomique, mise sur le mobilier Verg\u00e9s.<\/strong><\/p>\n<p dir=\"ltr\">Montagud est une prestigieuse maison d&rsquo;\u00e9dition sp\u00e9cialis\u00e9e en gastronomie, l&rsquo;une des plus influentes au monde. Depuis la publication de son premier livre en 1906, elle n&rsquo;a cess\u00e9 de documenter l&rsquo;\u00e9volution de la haute cuisine \u00e0 travers ses publications, accompagnant des g\u00e9n\u00e9rations de chefs, de professionnels et de passionn\u00e9s de gastronomie.<\/p>\n<p dir=\"ltr\">Le soin apport\u00e9 au design de ses livres, ainsi qu&rsquo;\u00e0 sa revue Apicius (publi\u00e9e tous les six mois), refl\u00e8te la passion de Montagud pour l&rsquo;excellence et le souci du d\u00e9tail, une attitude que l&rsquo;on retrouve \u00e9galement dans le showroom r\u00e9cemment ouvert dans l&rsquo;Eixample de Barcelone. Cet espace a \u00e9t\u00e9 con\u00e7u pour r\u00e9unir professionnels et passionn\u00e9s de la haute cuisine lors de pr\u00e9sentations, d&rsquo;exp\u00e9riences gastronomiques et de rencontres autour de la culture du bien manger.<\/p>\n<p dir=\"ltr\">Lago Interioriza, en charge du projet d&rsquo;am\u00e9nagement int\u00e9rieur, a cr\u00e9\u00e9 un espace calme, sophistiqu\u00e9 et intimiste. Dans cette atmosph\u00e8re apais\u00e9e aux tons vert fonc\u00e9, les chaises et tables Verg\u00e9s s&rsquo;int\u00e8grent parfaitement dans l&rsquo;espace et garantissent un confort optimal pour profiter pleinement de la rencontre et de l&rsquo;exp\u00e9rience gastronomique.<\/p>\n","protected":false},"excerpt":{"rendered":"<p>Le nouvel espace gastronomique de Montagud \u00e0 Barcelone, con\u00e7u comme un point de rencontre et un moteur de la culture gastronomique, mise sur le mobilier Verg\u00e9s. Montagud est une prestigieuse maison d&rsquo;\u00e9dition sp\u00e9cialis\u00e9e en gastronomie, l&rsquo;une des plus influentes au monde. Depuis la publication de son premier livre en 1906, elle n&rsquo;a cess\u00e9 de documenter [&hellip;]<\/p>\n","protected":false},"author":3,"featured_media":0,"comment_status":"closed","ping_status":"closed","sticky":false,"template":"","format":"standard","meta":{"_acf_changed":false,"content-type":"","footnotes":""},"categories":[7],"tags":[],"class_list":["post-28118","post","type-post","status-publish","format-standard","hentry","category-projets"],"acf":[],"yoast_head":"<!-- This site is optimized with the Yoast SEO plugin v25.6 - https:\/\/yoast.com\/wordpress\/plugins\/seo\/ -->\n<title>Nouvel espace gastronomique de Montagud \u00e0 Barcelone - Verg\u00e9s<\/title>\n<meta name=\"robots\" content=\"index, follow, max-snippet:-1, max-image-preview:large, max-video-preview:-1\" \/>\n<link rel=\"canonical\" href=\"https:\/\/verges.design\/fr\/nouvel-espace-gastronomique-de-montagud-a-barcelone\/\" \/>\n<meta property=\"og:locale\" content=\"fr_FR\" \/>\n<meta property=\"og:type\" content=\"article\" \/>\n<meta property=\"og:title\" content=\"Nouvel espace gastronomique de Montagud \u00e0 Barcelone - Verg\u00e9s\" \/>\n<meta property=\"og:description\" content=\"Le nouvel espace gastronomique de Montagud \u00e0 Barcelone, con\u00e7u comme un point de rencontre et un moteur de la culture gastronomique, mise sur le mobilier Verg\u00e9s. Montagud est une prestigieuse maison d&rsquo;\u00e9dition sp\u00e9cialis\u00e9e en gastronomie, l&rsquo;une des plus influentes au monde. Depuis la publication de son premier livre en 1906, elle n&rsquo;a cess\u00e9 de documenter [&hellip;]\" \/>\n<meta property=\"og:url\" content=\"https:\/\/verges.design\/fr\/nouvel-espace-gastronomique-de-montagud-a-barcelone\/\" \/>\n<meta property=\"og:site_name\" content=\"Verg\u00e9s\" \/>\n<meta property=\"article:published_time\" content=\"2026-09-04T06:54:48+00:00\" \/>\n<meta property=\"article:modified_time\" content=\"2026-09-04T06:55:47+00:00\" \/>\n<meta name=\"author\" content=\"verges-admin\" \/>\n<meta name=\"twitter:card\" content=\"summary_large_image\" \/>\n<meta name=\"twitter:label1\" content=\"\u00c9crit par\" \/>\n\t<meta name=\"twitter:data1\" content=\"verges-admin\" \/>\n\t<meta name=\"twitter:label2\" content=\"Dur\u00e9e de lecture estim\u00e9e\" \/>\n\t<meta name=\"twitter:data2\" content=\"1 minute\" \/>\n<script type=\"application\/ld+json\" class=\"yoast-schema-graph\">{\"@context\":\"https:\/\/schema.org\",\"@graph\":[{\"@type\":\"WebPage\",\"@id\":\"https:\/\/verges.design\/fr\/nouvel-espace-gastronomique-de-montagud-a-barcelone\/\",\"url\":\"https:\/\/verges.design\/fr\/nouvel-espace-gastronomique-de-montagud-a-barcelone\/\",\"name\":\"Nouvel espace gastronomique de Montagud \u00e0 Barcelone - Verg\u00e9s\",\"isPartOf\":{\"@id\":\"https:\/\/verges.design\/fr\/#website\"},\"datePublished\":\"2026-09-04T06:54:48+00:00\",\"dateModified\":\"2026-09-04T06:55:47+00:00\",\"author\":{\"@id\":\"https:\/\/verges.design\/fr\/#\/schema\/person\/4e3e4bc1e367e78363cdc8a8fe1fd309\"},\"breadcrumb\":{\"@id\":\"https:\/\/verges.design\/fr\/nouvel-espace-gastronomique-de-montagud-a-barcelone\/#breadcrumb\"},\"inLanguage\":\"fr-FR\",\"potentialAction\":[{\"@type\":\"ReadAction\",\"target\":[\"https:\/\/verges.design\/fr\/nouvel-espace-gastronomique-de-montagud-a-barcelone\/\"]}]},{\"@type\":\"BreadcrumbList\",\"@id\":\"https:\/\/verges.design\/fr\/nouvel-espace-gastronomique-de-montagud-a-barcelone\/#breadcrumb\",\"itemListElement\":[{\"@type\":\"ListItem\",\"position\":1,\"name\":\"Home\",\"item\":\"https:\/\/verges.design\/fr\/\"},{\"@type\":\"ListItem\",\"position\":2,\"name\":\"Nouvel espace gastronomique de Montagud \u00e0 Barcelone\"}]},{\"@type\":\"WebSite\",\"@id\":\"https:\/\/verges.design\/fr\/#website\",\"url\":\"https:\/\/verges.design\/fr\/\",\"name\":\"Verg\u00e9s\",\"description\":\"Las sillas y muebles Verg\u00e9s son el resultado de la conjunci\u00f3n de experiencia, vocaci\u00f3n, calidad y dise\u00f1o. Creamos muebles de dise\u00f1o para contract.\",\"potentialAction\":[{\"@type\":\"SearchAction\",\"target\":{\"@type\":\"EntryPoint\",\"urlTemplate\":\"https:\/\/verges.design\/fr\/?s={search_term_string}\"},\"query-input\":{\"@type\":\"PropertyValueSpecification\",\"valueRequired\":true,\"valueName\":\"search_term_string\"}}],\"inLanguage\":\"fr-FR\"},{\"@type\":\"Person\",\"@id\":\"https:\/\/verges.design\/fr\/#\/schema\/person\/4e3e4bc1e367e78363cdc8a8fe1fd309\",\"name\":\"verges-admin\",\"image\":{\"@type\":\"ImageObject\",\"inLanguage\":\"fr-FR\",\"@id\":\"https:\/\/verges.design\/fr\/#\/schema\/person\/image\/\",\"url\":\"https:\/\/secure.gravatar.com\/avatar\/0602e944b6e8dc007fa3569fdeaf18e2?s=96&d=mm&r=g\",\"contentUrl\":\"https:\/\/secure.gravatar.com\/avatar\/0602e944b6e8dc007fa3569fdeaf18e2?s=96&d=mm&r=g\",\"caption\":\"verges-admin\"},\"url\":\"https:\/\/verges.design\/fr\/author\/verges-admin\/\"}]}<\/script>\n<!-- \/ Yoast SEO plugin. -->","yoast_head_json":{"title":"Nouvel espace gastronomique de Montagud \u00e0 Barcelone - Verg\u00e9s","robots":{"index":"index","follow":"follow","max-snippet":"max-snippet:-1","max-image-preview":"max-image-preview:large","max-video-preview":"max-video-preview:-1"},"canonical":"https:\/\/verges.design\/fr\/nouvel-espace-gastronomique-de-montagud-a-barcelone\/","og_locale":"fr_FR","og_type":"article","og_title":"Nouvel espace gastronomique de Montagud \u00e0 Barcelone - Verg\u00e9s","og_description":"Le nouvel espace gastronomique de Montagud \u00e0 Barcelone, con\u00e7u comme un point de rencontre et un moteur de la culture gastronomique, mise sur le mobilier Verg\u00e9s. Montagud est une prestigieuse maison d&rsquo;\u00e9dition sp\u00e9cialis\u00e9e en gastronomie, l&rsquo;une des plus influentes au monde. Depuis la publication de son premier livre en 1906, elle n&rsquo;a cess\u00e9 de documenter [&hellip;]","og_url":"https:\/\/verges.design\/fr\/nouvel-espace-gastronomique-de-montagud-a-barcelone\/","og_site_name":"Verg\u00e9s","article_published_time":"2026-09-04T06:54:48+00:00","article_modified_time":"2026-09-04T06:55:47+00:00","author":"verges-admin","twitter_card":"summary_large_image","twitter_misc":{"\u00c9crit par":"verges-admin","Dur\u00e9e de lecture estim\u00e9e":"1 minute"},"schema":{"@context":"https:\/\/schema.org","@graph":[{"@type":"WebPage","@id":"https:\/\/verges.design\/fr\/nouvel-espace-gastronomique-de-montagud-a-barcelone\/","url":"https:\/\/verges.design\/fr\/nouvel-espace-gastronomique-de-montagud-a-barcelone\/","name":"Nouvel espace gastronomique de Montagud \u00e0 Barcelone - Verg\u00e9s","isPartOf":{"@id":"https:\/\/verges.design\/fr\/#website"},"datePublished":"2026-09-04T06:54:48+00:00","dateModified":"2026-09-04T06:55:47+00:00","author":{"@id":"https:\/\/verges.design\/fr\/#\/schema\/person\/4e3e4bc1e367e78363cdc8a8fe1fd309"},"breadcrumb":{"@id":"https:\/\/verges.design\/fr\/nouvel-espace-gastronomique-de-montagud-a-barcelone\/#breadcrumb"},"inLanguage":"fr-FR","potentialAction":[{"@type":"ReadAction","target":["https:\/\/verges.design\/fr\/nouvel-espace-gastronomique-de-montagud-a-barcelone\/"]}]},{"@type":"BreadcrumbList","@id":"https:\/\/verges.design\/fr\/nouvel-espace-gastronomique-de-montagud-a-barcelone\/#breadcrumb","itemListElement":[{"@type":"ListItem","position":1,"name":"Home","item":"https:\/\/verges.design\/fr\/"},{"@type":"ListItem","position":2,"name":"Nouvel espace gastronomique de Montagud \u00e0 Barcelone"}]},{"@type":"WebSite","@id":"https:\/\/verges.design\/fr\/#website","url":"https:\/\/verges.design\/fr\/","name":"Verg\u00e9s","description":"Las sillas y muebles Verg\u00e9s son el resultado de la conjunci\u00f3n de experiencia, vocaci\u00f3n, calidad y dise\u00f1o. Creamos muebles de dise\u00f1o para contract.","potentialAction":[{"@type":"SearchAction","target":{"@type":"EntryPoint","urlTemplate":"https:\/\/verges.design\/fr\/?s={search_term_string}"},"query-input":{"@type":"PropertyValueSpecification","valueRequired":true,"valueName":"search_term_string"}}],"inLanguage":"fr-FR"},{"@type":"Person","@id":"https:\/\/verges.design\/fr\/#\/schema\/person\/4e3e4bc1e367e78363cdc8a8fe1fd309","name":"verges-admin","image":{"@type":"ImageObject","inLanguage":"fr-FR","@id":"https:\/\/verges.design\/fr\/#\/schema\/person\/image\/","url":"https:\/\/secure.gravatar.com\/avatar\/0602e944b6e8dc007fa3569fdeaf18e2?s=96&d=mm&r=g","contentUrl":"https:\/\/secure.gravatar.com\/avatar\/0602e944b6e8dc007fa3569fdeaf18e2?s=96&d=mm&r=g","caption":"verges-admin"},"url":"https:\/\/verges.design\/fr\/author\/verges-admin\/"}]}},"_links":{"self":[{"href":"https:\/\/verges.design\/fr\/wp-json\/wp\/v2\/posts\/28118"}],"collection":[{"href":"https:\/\/verges.design\/fr\/wp-json\/wp\/v2\/posts"}],"about":[{"href":"https:\/\/verges.design\/fr\/wp-json\/wp\/v2\/types\/post"}],"author":[{"embeddable":true,"href":"https:\/\/verges.design\/fr\/wp-json\/wp\/v2\/users\/3"}],"replies":[{"embeddable":true,"href":"https:\/\/verges.design\/fr\/wp-json\/wp\/v2\/comments?post=28118"}],"version-history":[{"count":2,"href":"https:\/\/verges.design\/fr\/wp-json\/wp\/v2\/posts\/28118\/revisions"}],"predecessor-version":[{"id":28159,"href":"https:\/\/verges.design\/fr\/wp-json\/wp\/v2\/posts\/28118\/revisions\/28159"}],"wp:attachment":[{"href":"https:\/\/verges.design\/fr\/wp-json\/wp\/v2\/media?parent=28118"}],"wp:term":[{"taxonomy":"category","embeddable":true,"href":"https:\/\/verges.design\/fr\/wp-json\/wp\/v2\/categories?post=28118"},{"taxonomy":"post_tag","embeddable":true,"href":"https:\/\/verges.design\/fr\/wp-json\/wp\/v2\/tags?post=28118"}],"curies":[{"name":"wp","href":"https:\/\/api.w.org\/{rel}","templated":true}]}}