{"id":27384,"date":"2026-04-29T08:35:08","date_gmt":"2026-04-29T08:35:08","guid":{"rendered":"https:\/\/verges.design\/salone-del-mobile-milano-2026\/"},"modified":"2026-04-29T08:43:26","modified_gmt":"2026-04-29T08:43:26","slug":"salone-del-mobile-milano-2026","status":"publish","type":"post","link":"https:\/\/verges.design\/fr\/salone-del-mobile-milano-2026\/","title":{"rendered":"Salone del Mobile. Milano 2026"},"content":{"rendered":"<p data-start=\"1673\" data-end=\"1824\">Au Salone del Mobile de Milan 2026, nous avons pr\u00e9sent\u00e9 nos derni\u00e8res collections de designers renomm\u00e9s dans un stand con\u00e7u par Emiliana Design Studio.<\/p>\n<p data-start=\"1826\" data-end=\"2439\" data-is-last-node=\"\" data-is-only-node=\"\">Anderssen &amp; Voll a pr\u00e9sent\u00e9 TREK, un fauteuil qui associe cuir et bois pour obtenir une esth\u00e9tique naturelle et durable. Jonas Wagell a pr\u00e9sent\u00e9 PUNTO, une chaise d\u00e9finie par ses formes tapiss\u00e9es, douces et enveloppantes. Mentsen a pr\u00e9sent\u00e9 ENSEMBLE, un syst\u00e8me de bancs aux assemblages ing\u00e9nieusement con\u00e7us qui mettent en valeur l\u2019\u00e9l\u00e9gance de leurs connexions. Emiliana Design a pr\u00e9sent\u00e9 SOCA, qui se distingue par son design simple et organique ; aux c\u00f4t\u00e9s de nos collections les plus embl\u00e9matiques con\u00e7ues par Norm Architects, Julien Renault, Manel Molina, Lagranja Design, Ramos &amp; Bassols, Andreu Carulla et Studio Tolvanen.<\/p>\n","protected":false},"excerpt":{"rendered":"<p>Au Salone del Mobile de Milan 2026, nous avons pr\u00e9sent\u00e9 nos derni\u00e8res collections de designers renomm\u00e9s dans un stand con\u00e7u par Emiliana Design Studio. Anderssen &amp; Voll a pr\u00e9sent\u00e9 TREK, un fauteuil qui associe cuir et bois pour obtenir une esth\u00e9tique naturelle et durable. Jonas Wagell a pr\u00e9sent\u00e9 PUNTO, une chaise d\u00e9finie par ses formes [&hellip;]<\/p>\n","protected":false},"author":3,"featured_media":0,"comment_status":"closed","ping_status":"closed","sticky":false,"template":"","format":"standard","meta":{"_acf_changed":false,"footnotes":""},"categories":[7],"tags":[],"class_list":["post-27384","post","type-post","status-publish","format-standard","hentry","category-projets"],"acf":[],"yoast_head":"<!-- This site is optimized with the Yoast SEO plugin v25.6 - https:\/\/yoast.com\/wordpress\/plugins\/seo\/ -->\n<title>Salone del Mobile. Milano 2026 - Verg\u00e9s<\/title>\n<meta name=\"robots\" content=\"index, follow, max-snippet:-1, max-image-preview:large, max-video-preview:-1\" \/>\n<link rel=\"canonical\" href=\"https:\/\/verges.design\/fr\/salone-del-mobile-milano-2026\/\" \/>\n<meta property=\"og:locale\" content=\"fr_FR\" \/>\n<meta property=\"og:type\" content=\"article\" \/>\n<meta property=\"og:title\" content=\"Salone del Mobile. Milano 2026 - Verg\u00e9s\" \/>\n<meta property=\"og:description\" content=\"Au Salone del Mobile de Milan 2026, nous avons pr\u00e9sent\u00e9 nos derni\u00e8res collections de designers renomm\u00e9s dans un stand con\u00e7u par Emiliana Design Studio. Anderssen &amp; Voll a pr\u00e9sent\u00e9 TREK, un fauteuil qui associe cuir et bois pour obtenir une esth\u00e9tique naturelle et durable. Jonas Wagell a pr\u00e9sent\u00e9 PUNTO, une chaise d\u00e9finie par ses formes [&hellip;]\" \/>\n<meta property=\"og:url\" content=\"https:\/\/verges.design\/fr\/salone-del-mobile-milano-2026\/\" \/>\n<meta property=\"og:site_name\" content=\"Verg\u00e9s\" \/>\n<meta property=\"article:published_time\" content=\"2026-04-29T08:35:08+00:00\" \/>\n<meta property=\"article:modified_time\" content=\"2026-04-29T08:43:26+00:00\" \/>\n<meta name=\"author\" content=\"verges-admin\" \/>\n<meta name=\"twitter:card\" content=\"summary_large_image\" \/>\n<meta name=\"twitter:label1\" content=\"\u00c9crit par\" \/>\n\t<meta name=\"twitter:data1\" content=\"verges-admin\" \/>\n\t<meta name=\"twitter:label2\" content=\"Dur\u00e9e de lecture estim\u00e9e\" \/>\n\t<meta name=\"twitter:data2\" content=\"1 minute\" \/>\n<script type=\"application\/ld+json\" class=\"yoast-schema-graph\">{\"@context\":\"https:\/\/schema.org\",\"@graph\":[{\"@type\":\"WebPage\",\"@id\":\"https:\/\/verges.design\/fr\/salone-del-mobile-milano-2026\/\",\"url\":\"https:\/\/verges.design\/fr\/salone-del-mobile-milano-2026\/\",\"name\":\"Salone del Mobile. Milano 2026 - Verg\u00e9s\",\"isPartOf\":{\"@id\":\"https:\/\/verges.design\/fr\/#website\"},\"datePublished\":\"2026-04-29T08:35:08+00:00\",\"dateModified\":\"2026-04-29T08:43:26+00:00\",\"author\":{\"@id\":\"https:\/\/verges.design\/fr\/#\/schema\/person\/4e3e4bc1e367e78363cdc8a8fe1fd309\"},\"breadcrumb\":{\"@id\":\"https:\/\/verges.design\/fr\/salone-del-mobile-milano-2026\/#breadcrumb\"},\"inLanguage\":\"fr-FR\",\"potentialAction\":[{\"@type\":\"ReadAction\",\"target\":[\"https:\/\/verges.design\/fr\/salone-del-mobile-milano-2026\/\"]}]},{\"@type\":\"BreadcrumbList\",\"@id\":\"https:\/\/verges.design\/fr\/salone-del-mobile-milano-2026\/#breadcrumb\",\"itemListElement\":[{\"@type\":\"ListItem\",\"position\":1,\"name\":\"Home\",\"item\":\"https:\/\/verges.design\/fr\/\"},{\"@type\":\"ListItem\",\"position\":2,\"name\":\"Salone del Mobile. Milano 2026\"}]},{\"@type\":\"WebSite\",\"@id\":\"https:\/\/verges.design\/fr\/#website\",\"url\":\"https:\/\/verges.design\/fr\/\",\"name\":\"Verg\u00e9s\",\"description\":\"Las sillas y muebles Verg\u00e9s son el resultado de la conjunci\u00f3n de experiencia, vocaci\u00f3n, calidad y dise\u00f1o. Creamos muebles de dise\u00f1o para contract.\",\"potentialAction\":[{\"@type\":\"SearchAction\",\"target\":{\"@type\":\"EntryPoint\",\"urlTemplate\":\"https:\/\/verges.design\/fr\/?s={search_term_string}\"},\"query-input\":{\"@type\":\"PropertyValueSpecification\",\"valueRequired\":true,\"valueName\":\"search_term_string\"}}],\"inLanguage\":\"fr-FR\"},{\"@type\":\"Person\",\"@id\":\"https:\/\/verges.design\/fr\/#\/schema\/person\/4e3e4bc1e367e78363cdc8a8fe1fd309\",\"name\":\"verges-admin\",\"image\":{\"@type\":\"ImageObject\",\"inLanguage\":\"fr-FR\",\"@id\":\"https:\/\/verges.design\/fr\/#\/schema\/person\/image\/\",\"url\":\"https:\/\/secure.gravatar.com\/avatar\/0602e944b6e8dc007fa3569fdeaf18e2?s=96&d=mm&r=g\",\"contentUrl\":\"https:\/\/secure.gravatar.com\/avatar\/0602e944b6e8dc007fa3569fdeaf18e2?s=96&d=mm&r=g\",\"caption\":\"verges-admin\"},\"url\":\"https:\/\/verges.design\/fr\/author\/verges-admin\/\"}]}<\/script>\n<!-- \/ Yoast SEO plugin. -->","yoast_head_json":{"title":"Salone del Mobile. Milano 2026 - Verg\u00e9s","robots":{"index":"index","follow":"follow","max-snippet":"max-snippet:-1","max-image-preview":"max-image-preview:large","max-video-preview":"max-video-preview:-1"},"canonical":"https:\/\/verges.design\/fr\/salone-del-mobile-milano-2026\/","og_locale":"fr_FR","og_type":"article","og_title":"Salone del Mobile. Milano 2026 - Verg\u00e9s","og_description":"Au Salone del Mobile de Milan 2026, nous avons pr\u00e9sent\u00e9 nos derni\u00e8res collections de designers renomm\u00e9s dans un stand con\u00e7u par Emiliana Design Studio. Anderssen &amp; Voll a pr\u00e9sent\u00e9 TREK, un fauteuil qui associe cuir et bois pour obtenir une esth\u00e9tique naturelle et durable. Jonas Wagell a pr\u00e9sent\u00e9 PUNTO, une chaise d\u00e9finie par ses formes [&hellip;]","og_url":"https:\/\/verges.design\/fr\/salone-del-mobile-milano-2026\/","og_site_name":"Verg\u00e9s","article_published_time":"2026-04-29T08:35:08+00:00","article_modified_time":"2026-04-29T08:43:26+00:00","author":"verges-admin","twitter_card":"summary_large_image","twitter_misc":{"\u00c9crit par":"verges-admin","Dur\u00e9e de lecture estim\u00e9e":"1 minute"},"schema":{"@context":"https:\/\/schema.org","@graph":[{"@type":"WebPage","@id":"https:\/\/verges.design\/fr\/salone-del-mobile-milano-2026\/","url":"https:\/\/verges.design\/fr\/salone-del-mobile-milano-2026\/","name":"Salone del Mobile. Milano 2026 - Verg\u00e9s","isPartOf":{"@id":"https:\/\/verges.design\/fr\/#website"},"datePublished":"2026-04-29T08:35:08+00:00","dateModified":"2026-04-29T08:43:26+00:00","author":{"@id":"https:\/\/verges.design\/fr\/#\/schema\/person\/4e3e4bc1e367e78363cdc8a8fe1fd309"},"breadcrumb":{"@id":"https:\/\/verges.design\/fr\/salone-del-mobile-milano-2026\/#breadcrumb"},"inLanguage":"fr-FR","potentialAction":[{"@type":"ReadAction","target":["https:\/\/verges.design\/fr\/salone-del-mobile-milano-2026\/"]}]},{"@type":"BreadcrumbList","@id":"https:\/\/verges.design\/fr\/salone-del-mobile-milano-2026\/#breadcrumb","itemListElement":[{"@type":"ListItem","position":1,"name":"Home","item":"https:\/\/verges.design\/fr\/"},{"@type":"ListItem","position":2,"name":"Salone del Mobile. Milano 2026"}]},{"@type":"WebSite","@id":"https:\/\/verges.design\/fr\/#website","url":"https:\/\/verges.design\/fr\/","name":"Verg\u00e9s","description":"Las sillas y muebles Verg\u00e9s son el resultado de la conjunci\u00f3n de experiencia, vocaci\u00f3n, calidad y dise\u00f1o. Creamos muebles de dise\u00f1o para contract.","potentialAction":[{"@type":"SearchAction","target":{"@type":"EntryPoint","urlTemplate":"https:\/\/verges.design\/fr\/?s={search_term_string}"},"query-input":{"@type":"PropertyValueSpecification","valueRequired":true,"valueName":"search_term_string"}}],"inLanguage":"fr-FR"},{"@type":"Person","@id":"https:\/\/verges.design\/fr\/#\/schema\/person\/4e3e4bc1e367e78363cdc8a8fe1fd309","name":"verges-admin","image":{"@type":"ImageObject","inLanguage":"fr-FR","@id":"https:\/\/verges.design\/fr\/#\/schema\/person\/image\/","url":"https:\/\/secure.gravatar.com\/avatar\/0602e944b6e8dc007fa3569fdeaf18e2?s=96&d=mm&r=g","contentUrl":"https:\/\/secure.gravatar.com\/avatar\/0602e944b6e8dc007fa3569fdeaf18e2?s=96&d=mm&r=g","caption":"verges-admin"},"url":"https:\/\/verges.design\/fr\/author\/verges-admin\/"}]}},"_links":{"self":[{"href":"https:\/\/verges.design\/fr\/wp-json\/wp\/v2\/posts\/27384"}],"collection":[{"href":"https:\/\/verges.design\/fr\/wp-json\/wp\/v2\/posts"}],"about":[{"href":"https:\/\/verges.design\/fr\/wp-json\/wp\/v2\/types\/post"}],"author":[{"embeddable":true,"href":"https:\/\/verges.design\/fr\/wp-json\/wp\/v2\/users\/3"}],"replies":[{"embeddable":true,"href":"https:\/\/verges.design\/fr\/wp-json\/wp\/v2\/comments?post=27384"}],"version-history":[{"count":1,"href":"https:\/\/verges.design\/fr\/wp-json\/wp\/v2\/posts\/27384\/revisions"}],"predecessor-version":[{"id":27391,"href":"https:\/\/verges.design\/fr\/wp-json\/wp\/v2\/posts\/27384\/revisions\/27391"}],"wp:attachment":[{"href":"https:\/\/verges.design\/fr\/wp-json\/wp\/v2\/media?parent=27384"}],"wp:term":[{"taxonomy":"category","embeddable":true,"href":"https:\/\/verges.design\/fr\/wp-json\/wp\/v2\/categories?post=27384"},{"taxonomy":"post_tag","embeddable":true,"href":"https:\/\/verges.design\/fr\/wp-json\/wp\/v2\/tags?post=27384"}],"curies":[{"name":"wp","href":"https:\/\/api.w.org\/{rel}","templated":true}]}}