{"id":23783,"date":"2025-04-24T09:07:02","date_gmt":"2025-04-24T09:07:02","guid":{"rendered":"https:\/\/verges.design\/salone-2025-highlights\/"},"modified":"2025-04-28T14:14:40","modified_gmt":"2025-04-28T14:14:40","slug":"salone-2025-highlights","status":"publish","type":"post","link":"https:\/\/verges.design\/fr\/salone-2025-highlights\/","title":{"rendered":"Salone 2025 Highlights"},"content":{"rendered":"<p>Notre stand, con\u00e7u par Emiliana Design Studio, \u00e9tait le cadre parfait pour pr\u00e9senter de nouvelles pi\u00e8ces de Julien Renault, Norm Architects, Lagranja Design et Emiliana Design Studio, ainsi que des designs iconiques de Manel Molina, Ramos et Bassols, Andreu Carulla et Studio Tolvanen.<\/p>\n","protected":false},"excerpt":{"rendered":"<p>Notre stand, con\u00e7u par Emiliana Design Studio, \u00e9tait le cadre parfait pour pr\u00e9senter de nouvelles pi\u00e8ces de Julien Renault, Norm Architects, Lagranja Design et Emiliana Design Studio, ainsi que des designs iconiques de Manel Molina, Ramos et Bassols, Andreu Carulla et Studio Tolvanen.<\/p>\n","protected":false},"author":3,"featured_media":0,"comment_status":"closed","ping_status":"closed","sticky":false,"template":"","format":"standard","meta":{"_acf_changed":false,"footnotes":""},"categories":[7],"tags":[],"class_list":["post-23783","post","type-post","status-publish","format-standard","hentry","category-projets"],"acf":[],"yoast_head":"<!-- This site is optimized with the Yoast SEO plugin v25.6 - https:\/\/yoast.com\/wordpress\/plugins\/seo\/ -->\n<title>Salone 2025 Highlights - Verg\u00e9s<\/title>\n<meta name=\"robots\" content=\"index, follow, max-snippet:-1, max-image-preview:large, max-video-preview:-1\" \/>\n<link rel=\"canonical\" href=\"https:\/\/verges.design\/fr\/salone-2025-highlights\/\" \/>\n<meta property=\"og:locale\" content=\"fr_FR\" \/>\n<meta property=\"og:type\" content=\"article\" \/>\n<meta property=\"og:title\" content=\"Salone 2025 Highlights - Verg\u00e9s\" \/>\n<meta property=\"og:description\" content=\"Notre stand, con\u00e7u par Emiliana Design Studio, \u00e9tait le cadre parfait pour pr\u00e9senter de nouvelles pi\u00e8ces de Julien Renault, Norm Architects, Lagranja Design et Emiliana Design Studio, ainsi que des designs iconiques de Manel Molina, Ramos et Bassols, Andreu Carulla et Studio Tolvanen.\" \/>\n<meta property=\"og:url\" content=\"https:\/\/verges.design\/fr\/salone-2025-highlights\/\" \/>\n<meta property=\"og:site_name\" content=\"Verg\u00e9s\" \/>\n<meta property=\"article:published_time\" content=\"2025-04-24T09:07:02+00:00\" \/>\n<meta property=\"article:modified_time\" content=\"2025-04-28T14:14:40+00:00\" \/>\n<meta name=\"author\" content=\"verges-admin\" \/>\n<meta name=\"twitter:card\" content=\"summary_large_image\" \/>\n<meta name=\"twitter:label1\" content=\"\u00c9crit par\" \/>\n\t<meta name=\"twitter:data1\" content=\"verges-admin\" \/>\n\t<meta name=\"twitter:label2\" content=\"Dur\u00e9e de lecture estim\u00e9e\" \/>\n\t<meta name=\"twitter:data2\" content=\"1 minute\" \/>\n<script type=\"application\/ld+json\" class=\"yoast-schema-graph\">{\"@context\":\"https:\/\/schema.org\",\"@graph\":[{\"@type\":\"WebPage\",\"@id\":\"https:\/\/verges.design\/fr\/salone-2025-highlights\/\",\"url\":\"https:\/\/verges.design\/fr\/salone-2025-highlights\/\",\"name\":\"Salone 2025 Highlights - Verg\u00e9s\",\"isPartOf\":{\"@id\":\"https:\/\/verges.design\/fr\/#website\"},\"datePublished\":\"2025-04-24T09:07:02+00:00\",\"dateModified\":\"2025-04-28T14:14:40+00:00\",\"author\":{\"@id\":\"https:\/\/verges.design\/fr\/#\/schema\/person\/4e3e4bc1e367e78363cdc8a8fe1fd309\"},\"breadcrumb\":{\"@id\":\"https:\/\/verges.design\/fr\/salone-2025-highlights\/#breadcrumb\"},\"inLanguage\":\"fr-FR\",\"potentialAction\":[{\"@type\":\"ReadAction\",\"target\":[\"https:\/\/verges.design\/fr\/salone-2025-highlights\/\"]}]},{\"@type\":\"BreadcrumbList\",\"@id\":\"https:\/\/verges.design\/fr\/salone-2025-highlights\/#breadcrumb\",\"itemListElement\":[{\"@type\":\"ListItem\",\"position\":1,\"name\":\"Home\",\"item\":\"https:\/\/verges.design\/fr\/\"},{\"@type\":\"ListItem\",\"position\":2,\"name\":\"Salone 2025 Highlights\"}]},{\"@type\":\"WebSite\",\"@id\":\"https:\/\/verges.design\/fr\/#website\",\"url\":\"https:\/\/verges.design\/fr\/\",\"name\":\"Verg\u00e9s\",\"description\":\"Las sillas y muebles Verg\u00e9s son el resultado de la conjunci\u00f3n de experiencia, vocaci\u00f3n, calidad y dise\u00f1o. Creamos muebles de dise\u00f1o para contract.\",\"potentialAction\":[{\"@type\":\"SearchAction\",\"target\":{\"@type\":\"EntryPoint\",\"urlTemplate\":\"https:\/\/verges.design\/fr\/?s={search_term_string}\"},\"query-input\":{\"@type\":\"PropertyValueSpecification\",\"valueRequired\":true,\"valueName\":\"search_term_string\"}}],\"inLanguage\":\"fr-FR\"},{\"@type\":\"Person\",\"@id\":\"https:\/\/verges.design\/fr\/#\/schema\/person\/4e3e4bc1e367e78363cdc8a8fe1fd309\",\"name\":\"verges-admin\",\"image\":{\"@type\":\"ImageObject\",\"inLanguage\":\"fr-FR\",\"@id\":\"https:\/\/verges.design\/fr\/#\/schema\/person\/image\/\",\"url\":\"https:\/\/secure.gravatar.com\/avatar\/0602e944b6e8dc007fa3569fdeaf18e2?s=96&d=mm&r=g\",\"contentUrl\":\"https:\/\/secure.gravatar.com\/avatar\/0602e944b6e8dc007fa3569fdeaf18e2?s=96&d=mm&r=g\",\"caption\":\"verges-admin\"},\"url\":\"https:\/\/verges.design\/fr\/author\/verges-admin\/\"}]}<\/script>\n<!-- \/ Yoast SEO plugin. -->","yoast_head_json":{"title":"Salone 2025 Highlights - Verg\u00e9s","robots":{"index":"index","follow":"follow","max-snippet":"max-snippet:-1","max-image-preview":"max-image-preview:large","max-video-preview":"max-video-preview:-1"},"canonical":"https:\/\/verges.design\/fr\/salone-2025-highlights\/","og_locale":"fr_FR","og_type":"article","og_title":"Salone 2025 Highlights - Verg\u00e9s","og_description":"Notre stand, con\u00e7u par Emiliana Design Studio, \u00e9tait le cadre parfait pour pr\u00e9senter de nouvelles pi\u00e8ces de Julien Renault, Norm Architects, Lagranja Design et Emiliana Design Studio, ainsi que des designs iconiques de Manel Molina, Ramos et Bassols, Andreu Carulla et Studio Tolvanen.","og_url":"https:\/\/verges.design\/fr\/salone-2025-highlights\/","og_site_name":"Verg\u00e9s","article_published_time":"2025-04-24T09:07:02+00:00","article_modified_time":"2025-04-28T14:14:40+00:00","author":"verges-admin","twitter_card":"summary_large_image","twitter_misc":{"\u00c9crit par":"verges-admin","Dur\u00e9e de lecture estim\u00e9e":"1 minute"},"schema":{"@context":"https:\/\/schema.org","@graph":[{"@type":"WebPage","@id":"https:\/\/verges.design\/fr\/salone-2025-highlights\/","url":"https:\/\/verges.design\/fr\/salone-2025-highlights\/","name":"Salone 2025 Highlights - Verg\u00e9s","isPartOf":{"@id":"https:\/\/verges.design\/fr\/#website"},"datePublished":"2025-04-24T09:07:02+00:00","dateModified":"2025-04-28T14:14:40+00:00","author":{"@id":"https:\/\/verges.design\/fr\/#\/schema\/person\/4e3e4bc1e367e78363cdc8a8fe1fd309"},"breadcrumb":{"@id":"https:\/\/verges.design\/fr\/salone-2025-highlights\/#breadcrumb"},"inLanguage":"fr-FR","potentialAction":[{"@type":"ReadAction","target":["https:\/\/verges.design\/fr\/salone-2025-highlights\/"]}]},{"@type":"BreadcrumbList","@id":"https:\/\/verges.design\/fr\/salone-2025-highlights\/#breadcrumb","itemListElement":[{"@type":"ListItem","position":1,"name":"Home","item":"https:\/\/verges.design\/fr\/"},{"@type":"ListItem","position":2,"name":"Salone 2025 Highlights"}]},{"@type":"WebSite","@id":"https:\/\/verges.design\/fr\/#website","url":"https:\/\/verges.design\/fr\/","name":"Verg\u00e9s","description":"Las sillas y muebles Verg\u00e9s son el resultado de la conjunci\u00f3n de experiencia, vocaci\u00f3n, calidad y dise\u00f1o. Creamos muebles de dise\u00f1o para contract.","potentialAction":[{"@type":"SearchAction","target":{"@type":"EntryPoint","urlTemplate":"https:\/\/verges.design\/fr\/?s={search_term_string}"},"query-input":{"@type":"PropertyValueSpecification","valueRequired":true,"valueName":"search_term_string"}}],"inLanguage":"fr-FR"},{"@type":"Person","@id":"https:\/\/verges.design\/fr\/#\/schema\/person\/4e3e4bc1e367e78363cdc8a8fe1fd309","name":"verges-admin","image":{"@type":"ImageObject","inLanguage":"fr-FR","@id":"https:\/\/verges.design\/fr\/#\/schema\/person\/image\/","url":"https:\/\/secure.gravatar.com\/avatar\/0602e944b6e8dc007fa3569fdeaf18e2?s=96&d=mm&r=g","contentUrl":"https:\/\/secure.gravatar.com\/avatar\/0602e944b6e8dc007fa3569fdeaf18e2?s=96&d=mm&r=g","caption":"verges-admin"},"url":"https:\/\/verges.design\/fr\/author\/verges-admin\/"}]}},"_links":{"self":[{"href":"https:\/\/verges.design\/fr\/wp-json\/wp\/v2\/posts\/23783"}],"collection":[{"href":"https:\/\/verges.design\/fr\/wp-json\/wp\/v2\/posts"}],"about":[{"href":"https:\/\/verges.design\/fr\/wp-json\/wp\/v2\/types\/post"}],"author":[{"embeddable":true,"href":"https:\/\/verges.design\/fr\/wp-json\/wp\/v2\/users\/3"}],"replies":[{"embeddable":true,"href":"https:\/\/verges.design\/fr\/wp-json\/wp\/v2\/comments?post=23783"}],"version-history":[{"count":3,"href":"https:\/\/verges.design\/fr\/wp-json\/wp\/v2\/posts\/23783\/revisions"}],"predecessor-version":[{"id":23803,"href":"https:\/\/verges.design\/fr\/wp-json\/wp\/v2\/posts\/23783\/revisions\/23803"}],"wp:attachment":[{"href":"https:\/\/verges.design\/fr\/wp-json\/wp\/v2\/media?parent=23783"}],"wp:term":[{"taxonomy":"category","embeddable":true,"href":"https:\/\/verges.design\/fr\/wp-json\/wp\/v2\/categories?post=23783"},{"taxonomy":"post_tag","embeddable":true,"href":"https:\/\/verges.design\/fr\/wp-json\/wp\/v2\/tags?post=23783"}],"curies":[{"name":"wp","href":"https:\/\/api.w.org\/{rel}","templated":true}]}}