{"id":7733,"date":"2021-01-08T08:40:02","date_gmt":"2021-01-08T08:40:02","guid":{"rendered":"https:\/\/verges.design\/barcelona-design-week-20-crisscross\/"},"modified":"2021-01-08T10:43:14","modified_gmt":"2021-01-08T10:43:14","slug":"barcelona-design-week-20-crisscross","status":"publish","type":"post","link":"https:\/\/verges.design\/es\/barcelona-design-week-20-crisscross\/","title":{"rendered":"Barcelona Design Week \u201820 &#8211; CRISSCROSS"},"content":{"rendered":"<div>&#8216;<span class=\"il\">Crisscross<\/span>&#8216; es el nombre de la instalaci\u00f3n que presenta las novedades de\u00a0<a href=\"https:\/\/verges.design\/\" target=\"_blank\" rel=\"noopener noreferrer\" data-saferedirecturl=\"https:\/\/www.google.com\/url?q=https:\/\/verges.design\/&amp;source=gmail&amp;ust=1610179636546000&amp;usg=AFQjCNFRWN0JMCg54_bHo-RPRbxG3R0ERg\"><strong>Verg\u00e9s<\/strong><\/a> en el showroom de\u00a0<a href=\"https:\/\/www.gabriel.dk\/en\/?frontpage\" target=\"_blank\" rel=\"noopener noreferrer\" data-saferedirecturl=\"https:\/\/www.google.com\/url?q=https:\/\/www.gabriel.dk\/en\/?frontpage&amp;source=gmail&amp;ust=1610179636546000&amp;usg=AFQjCNFY8HIKLOeU6NP0Ii9aKt5Jqb6OPg\"><strong>Gabriel<\/strong><\/a>, que se inaugur\u00f3 el d\u00eda 26 de Noviembre durante la <em>Barcelona Design Week<\/em>.<\/div>\n<div>Los productos de Verg\u00e9s se entrelazan (de aqu\u00ed viene el nombre de\u00a0<i>C<\/i><i>risscross)\u00a0<\/i>con los textiles de Gabriel en una instalaci\u00f3n concebida por\u00a0 <a href=\"http:\/\/emilianadesign.com\/\" target=\"_blank\" rel=\"noopener noreferrer\" data-saferedirecturl=\"https:\/\/www.google.com\/url?q=http:\/\/emilianadesign.com\/&amp;source=gmail&amp;ust=1610179636546000&amp;usg=AFQjCNGF73sqpTC6e7vXv_YEzJFJLI_2Qg\"><b>e<\/b><\/a><strong><a href=\"http:\/\/emilianadesign.com\/\" target=\"_blank\" rel=\"noopener noreferrer\" data-saferedirecturl=\"https:\/\/www.google.com\/url?q=http:\/\/emilianadesign.com\/&amp;source=gmail&amp;ust=1610179636546000&amp;usg=AFQjCNGF73sqpTC6e7vXv_YEzJFJLI_2Qg\">miliana\u00a0design<\/a>\u00a0<\/strong>donde<strong>\u00a0<\/strong>experime<wbr \/>ntan entretejiendo textiles, madera y cer\u00e1mica.<\/div>\n","protected":false},"excerpt":{"rendered":"<p>&#8216;Crisscross&#8216; es el nombre de la instalaci\u00f3n que presenta las novedades de\u00a0Verg\u00e9s en el showroom de\u00a0Gabriel, que se inaugur\u00f3 el d\u00eda 26 de Noviembre durante la Barcelona Design Week. Los productos de Verg\u00e9s se entrelazan (de aqu\u00ed viene el nombre de\u00a0Crisscross)\u00a0con los textiles de Gabriel en una instalaci\u00f3n concebida por\u00a0 emiliana\u00a0design\u00a0donde\u00a0experimentan entretejiendo textiles, madera y [&hellip;]<\/p>\n","protected":false},"author":3,"featured_media":0,"comment_status":"closed","ping_status":"closed","sticky":false,"template":"","format":"standard","meta":{"_acf_changed":false,"footnotes":""},"categories":[45],"tags":[],"class_list":["post-7733","post","type-post","status-publish","format-standard","hentry","category-eventos"],"acf":[],"yoast_head":"<!-- This site is optimized with the Yoast SEO plugin v25.6 - https:\/\/yoast.com\/wordpress\/plugins\/seo\/ -->\n<title>Barcelona Design Week \u201820 - CRISSCROSS - Verg\u00e9s<\/title>\n<meta name=\"robots\" content=\"index, follow, max-snippet:-1, max-image-preview:large, max-video-preview:-1\" \/>\n<link rel=\"canonical\" href=\"https:\/\/verges.design\/es\/barcelona-design-week-20-crisscross\/\" \/>\n<meta property=\"og:locale\" content=\"es_ES\" \/>\n<meta property=\"og:type\" content=\"article\" \/>\n<meta property=\"og:title\" content=\"Barcelona Design Week \u201820 - CRISSCROSS - Verg\u00e9s\" \/>\n<meta property=\"og:description\" content=\"&#8216;Crisscross&#8216; es el nombre de la instalaci\u00f3n que presenta las novedades de\u00a0Verg\u00e9s en el showroom de\u00a0Gabriel, que se inaugur\u00f3 el d\u00eda 26 de Noviembre durante la Barcelona Design Week. Los productos de Verg\u00e9s se entrelazan (de aqu\u00ed viene el nombre de\u00a0Crisscross)\u00a0con los textiles de Gabriel en una instalaci\u00f3n concebida por\u00a0 emiliana\u00a0design\u00a0donde\u00a0experimentan entretejiendo textiles, madera y [&hellip;]\" \/>\n<meta property=\"og:url\" content=\"https:\/\/verges.design\/es\/barcelona-design-week-20-crisscross\/\" \/>\n<meta property=\"og:site_name\" content=\"Verg\u00e9s\" \/>\n<meta property=\"article:published_time\" content=\"2021-01-08T08:40:02+00:00\" \/>\n<meta property=\"article:modified_time\" content=\"2021-01-08T10:43:14+00:00\" \/>\n<meta name=\"author\" content=\"verges-admin\" \/>\n<meta name=\"twitter:card\" content=\"summary_large_image\" \/>\n<meta name=\"twitter:label1\" content=\"Escrito por\" \/>\n\t<meta name=\"twitter:data1\" content=\"verges-admin\" \/>\n<script type=\"application\/ld+json\" class=\"yoast-schema-graph\">{\"@context\":\"https:\/\/schema.org\",\"@graph\":[{\"@type\":\"WebPage\",\"@id\":\"https:\/\/verges.design\/es\/barcelona-design-week-20-crisscross\/\",\"url\":\"https:\/\/verges.design\/es\/barcelona-design-week-20-crisscross\/\",\"name\":\"Barcelona Design Week \u201820 - CRISSCROSS - Verg\u00e9s\",\"isPartOf\":{\"@id\":\"https:\/\/verges.design\/es\/#website\"},\"datePublished\":\"2021-01-08T08:40:02+00:00\",\"dateModified\":\"2021-01-08T10:43:14+00:00\",\"author\":{\"@id\":\"https:\/\/verges.design\/es\/#\/schema\/person\/4e3e4bc1e367e78363cdc8a8fe1fd309\"},\"breadcrumb\":{\"@id\":\"https:\/\/verges.design\/es\/barcelona-design-week-20-crisscross\/#breadcrumb\"},\"inLanguage\":\"es\",\"potentialAction\":[{\"@type\":\"ReadAction\",\"target\":[\"https:\/\/verges.design\/es\/barcelona-design-week-20-crisscross\/\"]}]},{\"@type\":\"BreadcrumbList\",\"@id\":\"https:\/\/verges.design\/es\/barcelona-design-week-20-crisscross\/#breadcrumb\",\"itemListElement\":[{\"@type\":\"ListItem\",\"position\":1,\"name\":\"Home\",\"item\":\"https:\/\/verges.design\/es\/\"},{\"@type\":\"ListItem\",\"position\":2,\"name\":\"Barcelona Design Week \u201820 &#8211; CRISSCROSS\"}]},{\"@type\":\"WebSite\",\"@id\":\"https:\/\/verges.design\/es\/#website\",\"url\":\"https:\/\/verges.design\/es\/\",\"name\":\"Verg\u00e9s\",\"description\":\"Las sillas y muebles Verg\u00e9s son el resultado de la conjunci\u00f3n de experiencia, vocaci\u00f3n, calidad y dise\u00f1o. Creamos muebles de dise\u00f1o para contract.\",\"potentialAction\":[{\"@type\":\"SearchAction\",\"target\":{\"@type\":\"EntryPoint\",\"urlTemplate\":\"https:\/\/verges.design\/es\/?s={search_term_string}\"},\"query-input\":{\"@type\":\"PropertyValueSpecification\",\"valueRequired\":true,\"valueName\":\"search_term_string\"}}],\"inLanguage\":\"es\"},{\"@type\":\"Person\",\"@id\":\"https:\/\/verges.design\/es\/#\/schema\/person\/4e3e4bc1e367e78363cdc8a8fe1fd309\",\"name\":\"verges-admin\",\"image\":{\"@type\":\"ImageObject\",\"inLanguage\":\"es\",\"@id\":\"https:\/\/verges.design\/es\/#\/schema\/person\/image\/\",\"url\":\"https:\/\/secure.gravatar.com\/avatar\/0602e944b6e8dc007fa3569fdeaf18e2?s=96&d=mm&r=g\",\"contentUrl\":\"https:\/\/secure.gravatar.com\/avatar\/0602e944b6e8dc007fa3569fdeaf18e2?s=96&d=mm&r=g\",\"caption\":\"verges-admin\"},\"url\":\"https:\/\/verges.design\/es\/author\/verges-admin\/\"}]}<\/script>\n<!-- \/ Yoast SEO plugin. -->","yoast_head_json":{"title":"Barcelona Design Week \u201820 - CRISSCROSS - Verg\u00e9s","robots":{"index":"index","follow":"follow","max-snippet":"max-snippet:-1","max-image-preview":"max-image-preview:large","max-video-preview":"max-video-preview:-1"},"canonical":"https:\/\/verges.design\/es\/barcelona-design-week-20-crisscross\/","og_locale":"es_ES","og_type":"article","og_title":"Barcelona Design Week \u201820 - CRISSCROSS - Verg\u00e9s","og_description":"&#8216;Crisscross&#8216; es el nombre de la instalaci\u00f3n que presenta las novedades de\u00a0Verg\u00e9s en el showroom de\u00a0Gabriel, que se inaugur\u00f3 el d\u00eda 26 de Noviembre durante la Barcelona Design Week. Los productos de Verg\u00e9s se entrelazan (de aqu\u00ed viene el nombre de\u00a0Crisscross)\u00a0con los textiles de Gabriel en una instalaci\u00f3n concebida por\u00a0 emiliana\u00a0design\u00a0donde\u00a0experimentan entretejiendo textiles, madera y [&hellip;]","og_url":"https:\/\/verges.design\/es\/barcelona-design-week-20-crisscross\/","og_site_name":"Verg\u00e9s","article_published_time":"2021-01-08T08:40:02+00:00","article_modified_time":"2021-01-08T10:43:14+00:00","author":"verges-admin","twitter_card":"summary_large_image","twitter_misc":{"Escrito por":"verges-admin"},"schema":{"@context":"https:\/\/schema.org","@graph":[{"@type":"WebPage","@id":"https:\/\/verges.design\/es\/barcelona-design-week-20-crisscross\/","url":"https:\/\/verges.design\/es\/barcelona-design-week-20-crisscross\/","name":"Barcelona Design Week \u201820 - CRISSCROSS - Verg\u00e9s","isPartOf":{"@id":"https:\/\/verges.design\/es\/#website"},"datePublished":"2021-01-08T08:40:02+00:00","dateModified":"2021-01-08T10:43:14+00:00","author":{"@id":"https:\/\/verges.design\/es\/#\/schema\/person\/4e3e4bc1e367e78363cdc8a8fe1fd309"},"breadcrumb":{"@id":"https:\/\/verges.design\/es\/barcelona-design-week-20-crisscross\/#breadcrumb"},"inLanguage":"es","potentialAction":[{"@type":"ReadAction","target":["https:\/\/verges.design\/es\/barcelona-design-week-20-crisscross\/"]}]},{"@type":"BreadcrumbList","@id":"https:\/\/verges.design\/es\/barcelona-design-week-20-crisscross\/#breadcrumb","itemListElement":[{"@type":"ListItem","position":1,"name":"Home","item":"https:\/\/verges.design\/es\/"},{"@type":"ListItem","position":2,"name":"Barcelona Design Week \u201820 &#8211; CRISSCROSS"}]},{"@type":"WebSite","@id":"https:\/\/verges.design\/es\/#website","url":"https:\/\/verges.design\/es\/","name":"Verg\u00e9s","description":"Las sillas y muebles Verg\u00e9s son el resultado de la conjunci\u00f3n de experiencia, vocaci\u00f3n, calidad y dise\u00f1o. Creamos muebles de dise\u00f1o para contract.","potentialAction":[{"@type":"SearchAction","target":{"@type":"EntryPoint","urlTemplate":"https:\/\/verges.design\/es\/?s={search_term_string}"},"query-input":{"@type":"PropertyValueSpecification","valueRequired":true,"valueName":"search_term_string"}}],"inLanguage":"es"},{"@type":"Person","@id":"https:\/\/verges.design\/es\/#\/schema\/person\/4e3e4bc1e367e78363cdc8a8fe1fd309","name":"verges-admin","image":{"@type":"ImageObject","inLanguage":"es","@id":"https:\/\/verges.design\/es\/#\/schema\/person\/image\/","url":"https:\/\/secure.gravatar.com\/avatar\/0602e944b6e8dc007fa3569fdeaf18e2?s=96&d=mm&r=g","contentUrl":"https:\/\/secure.gravatar.com\/avatar\/0602e944b6e8dc007fa3569fdeaf18e2?s=96&d=mm&r=g","caption":"verges-admin"},"url":"https:\/\/verges.design\/es\/author\/verges-admin\/"}]}},"_links":{"self":[{"href":"https:\/\/verges.design\/es\/wp-json\/wp\/v2\/posts\/7733"}],"collection":[{"href":"https:\/\/verges.design\/es\/wp-json\/wp\/v2\/posts"}],"about":[{"href":"https:\/\/verges.design\/es\/wp-json\/wp\/v2\/types\/post"}],"author":[{"embeddable":true,"href":"https:\/\/verges.design\/es\/wp-json\/wp\/v2\/users\/3"}],"replies":[{"embeddable":true,"href":"https:\/\/verges.design\/es\/wp-json\/wp\/v2\/comments?post=7733"}],"version-history":[{"count":6,"href":"https:\/\/verges.design\/es\/wp-json\/wp\/v2\/posts\/7733\/revisions"}],"predecessor-version":[{"id":7760,"href":"https:\/\/verges.design\/es\/wp-json\/wp\/v2\/posts\/7733\/revisions\/7760"}],"wp:attachment":[{"href":"https:\/\/verges.design\/es\/wp-json\/wp\/v2\/media?parent=7733"}],"wp:term":[{"taxonomy":"category","embeddable":true,"href":"https:\/\/verges.design\/es\/wp-json\/wp\/v2\/categories?post=7733"},{"taxonomy":"post_tag","embeddable":true,"href":"https:\/\/verges.design\/es\/wp-json\/wp\/v2\/tags?post=7733"}],"curies":[{"name":"wp","href":"https:\/\/api.w.org\/{rel}","templated":true}]}}