{"id":3546,"date":"2020-01-13T16:00:21","date_gmt":"2020-01-13T16:00:21","guid":{"rendered":"https:\/\/verges.design\/3535\/"},"modified":"2025-03-03T15:29:30","modified_gmt":"2025-03-03T15:29:30","slug":"3535","status":"publish","type":"post","link":"https:\/\/verges.design\/es\/3535\/","title":{"rendered":"Verg\u00e9s a Maison &#038; Objet 2020"},"content":{"rendered":"<p>Manel Molina dise\u00f1a la silla que commemora el 50 aniversario de Verg\u00e9s. Verg\u00e9s presenta en prim\u00edcia BOGART en Maison Objet en enero del 2020<\/p>\n<p>El Estudio Manel Molina se ha inspirado en las primeras sillas que se produjeron en Verg\u00e9s a principios de los a\u00f1os 70 que fueron las tradicionales sillas de enea. Con motivo del 50 aniversario, la empresa \u201creintroduce\u201d esta tipolog\u00eda de silla a su colecci\u00f3n, recuperando adem\u00e1s el proceso artesanal del encordado hecho a mano como se hac\u00eda antes.<\/p>\n<p id=\"tw-target-text\" class=\"tw-data-text tw-text-large tw-ta\" dir=\"ltr\" data-placeholder=\"Traducci\u00f3n\"><span lang=\"es\">Adem\u00e1s, en Maison &amp; Objet 2020 Verg\u00e9s presenta las colecciones Dula y Cistell creadas por Yago Sarri y Sandwich, del estudio Untaller.<\/span><\/p>\n<p dir=\"ltr\" data-placeholder=\"Traducci\u00f3n\"><img loading=\"lazy\" decoding=\"async\" class=\"alignnone size-full wp-image-3632\" src=\"https:\/\/verges.design\/wp-content\/uploads\/2020\/01\/Fodons-feder-para-noticias.jpg\" alt=\"\" width=\"278\" height=\"250\" \/><\/p>\n<p dir=\"ltr\" data-placeholder=\"Traducci\u00f3n\"><em>\u201cLa empresa Verg\u00e9s ha participado en la <\/em><em>feria\u00a0<\/em>MAISON &amp;OBJET PARIS\u00a0<em>2020\u00a0<\/em><em>celebrada en Par\u00eds y ha contado con el apoyo de ICEX, as\u00ed como con la cofinanciaci\u00f3n de fondos europeos FEDER, habiendo contribuido, seg\u00fan la medida de los mismos, al crecimiento econ\u00f3mico de esta empresa, su regi\u00f3n y de Espa\u00f1a en su conjunto\u201d.<\/em><\/p>\n","protected":false},"excerpt":{"rendered":"<p>Manel Molina dise\u00f1a la silla que commemora el 50 aniversario de Verg\u00e9s. Verg\u00e9s presenta en prim\u00edcia BOGART en Maison Objet en enero del 2020 El Estudio Manel Molina se ha inspirado en las primeras sillas que se produjeron en Verg\u00e9s a principios de los a\u00f1os 70 que fueron las tradicionales sillas de enea. Con motivo [&hellip;]<\/p>\n","protected":false},"author":3,"featured_media":0,"comment_status":"closed","ping_status":"closed","sticky":false,"template":"","format":"standard","meta":{"_acf_changed":false,"footnotes":""},"categories":[45],"tags":[],"class_list":["post-3546","post","type-post","status-publish","format-standard","hentry","category-eventos"],"acf":[],"yoast_head":"<!-- This site is optimized with the Yoast SEO plugin v25.6 - https:\/\/yoast.com\/wordpress\/plugins\/seo\/ -->\n<title>Verg\u00e9s a Maison &amp; Objet 2020 - Verg\u00e9s<\/title>\n<meta name=\"robots\" content=\"index, follow, max-snippet:-1, max-image-preview:large, max-video-preview:-1\" \/>\n<link rel=\"canonical\" href=\"https:\/\/verges.design\/es\/3535\/\" \/>\n<meta property=\"og:locale\" content=\"es_ES\" \/>\n<meta property=\"og:type\" content=\"article\" \/>\n<meta property=\"og:title\" content=\"Verg\u00e9s a Maison &amp; Objet 2020 - Verg\u00e9s\" \/>\n<meta property=\"og:description\" content=\"Manel Molina dise\u00f1a la silla que commemora el 50 aniversario de Verg\u00e9s. Verg\u00e9s presenta en prim\u00edcia BOGART en Maison Objet en enero del 2020 El Estudio Manel Molina se ha inspirado en las primeras sillas que se produjeron en Verg\u00e9s a principios de los a\u00f1os 70 que fueron las tradicionales sillas de enea. Con motivo [&hellip;]\" \/>\n<meta property=\"og:url\" content=\"https:\/\/verges.design\/es\/3535\/\" \/>\n<meta property=\"og:site_name\" content=\"Verg\u00e9s\" \/>\n<meta property=\"article:published_time\" content=\"2020-01-13T16:00:21+00:00\" \/>\n<meta property=\"article:modified_time\" content=\"2025-03-03T15:29:30+00:00\" \/>\n<meta property=\"og:image\" content=\"https:\/\/verges.design\/wp-content\/uploads\/2020\/01\/Fodons-feder-para-noticias.jpg\" \/>\n\t<meta property=\"og:image:width\" content=\"278\" \/>\n\t<meta property=\"og:image:height\" content=\"250\" \/>\n\t<meta property=\"og:image:type\" content=\"image\/jpeg\" \/>\n<meta name=\"author\" content=\"verges-admin\" \/>\n<meta name=\"twitter:card\" content=\"summary_large_image\" \/>\n<meta name=\"twitter:label1\" content=\"Escrito por\" \/>\n\t<meta name=\"twitter:data1\" content=\"verges-admin\" \/>\n\t<meta name=\"twitter:label2\" content=\"Tiempo de lectura\" \/>\n\t<meta name=\"twitter:data2\" content=\"1 minuto\" \/>\n<script type=\"application\/ld+json\" class=\"yoast-schema-graph\">{\"@context\":\"https:\/\/schema.org\",\"@graph\":[{\"@type\":\"WebPage\",\"@id\":\"https:\/\/verges.design\/es\/3535\/\",\"url\":\"https:\/\/verges.design\/es\/3535\/\",\"name\":\"Verg\u00e9s a Maison & Objet 2020 - Verg\u00e9s\",\"isPartOf\":{\"@id\":\"https:\/\/verges.design\/es\/#website\"},\"primaryImageOfPage\":{\"@id\":\"https:\/\/verges.design\/es\/3535\/#primaryimage\"},\"image\":{\"@id\":\"https:\/\/verges.design\/es\/3535\/#primaryimage\"},\"thumbnailUrl\":\"https:\/\/verges.design\/wp-content\/uploads\/2020\/01\/Fodons-feder-para-noticias.jpg\",\"datePublished\":\"2020-01-13T16:00:21+00:00\",\"dateModified\":\"2025-03-03T15:29:30+00:00\",\"author\":{\"@id\":\"https:\/\/verges.design\/es\/#\/schema\/person\/4e3e4bc1e367e78363cdc8a8fe1fd309\"},\"breadcrumb\":{\"@id\":\"https:\/\/verges.design\/es\/3535\/#breadcrumb\"},\"inLanguage\":\"es\",\"potentialAction\":[{\"@type\":\"ReadAction\",\"target\":[\"https:\/\/verges.design\/es\/3535\/\"]}]},{\"@type\":\"ImageObject\",\"inLanguage\":\"es\",\"@id\":\"https:\/\/verges.design\/es\/3535\/#primaryimage\",\"url\":\"https:\/\/verges.design\/wp-content\/uploads\/2020\/01\/Fodons-feder-para-noticias.jpg\",\"contentUrl\":\"https:\/\/verges.design\/wp-content\/uploads\/2020\/01\/Fodons-feder-para-noticias.jpg\"},{\"@type\":\"BreadcrumbList\",\"@id\":\"https:\/\/verges.design\/es\/3535\/#breadcrumb\",\"itemListElement\":[{\"@type\":\"ListItem\",\"position\":1,\"name\":\"Home\",\"item\":\"https:\/\/verges.design\/es\/\"},{\"@type\":\"ListItem\",\"position\":2,\"name\":\"Verg\u00e9s a Maison &#038; Objet 2020\"}]},{\"@type\":\"WebSite\",\"@id\":\"https:\/\/verges.design\/es\/#website\",\"url\":\"https:\/\/verges.design\/es\/\",\"name\":\"Verg\u00e9s\",\"description\":\"Las sillas y muebles Verg\u00e9s son el resultado de la conjunci\u00f3n de experiencia, vocaci\u00f3n, calidad y dise\u00f1o. Creamos muebles de dise\u00f1o para contract.\",\"potentialAction\":[{\"@type\":\"SearchAction\",\"target\":{\"@type\":\"EntryPoint\",\"urlTemplate\":\"https:\/\/verges.design\/es\/?s={search_term_string}\"},\"query-input\":{\"@type\":\"PropertyValueSpecification\",\"valueRequired\":true,\"valueName\":\"search_term_string\"}}],\"inLanguage\":\"es\"},{\"@type\":\"Person\",\"@id\":\"https:\/\/verges.design\/es\/#\/schema\/person\/4e3e4bc1e367e78363cdc8a8fe1fd309\",\"name\":\"verges-admin\",\"image\":{\"@type\":\"ImageObject\",\"inLanguage\":\"es\",\"@id\":\"https:\/\/verges.design\/es\/#\/schema\/person\/image\/\",\"url\":\"https:\/\/secure.gravatar.com\/avatar\/0602e944b6e8dc007fa3569fdeaf18e2?s=96&d=mm&r=g\",\"contentUrl\":\"https:\/\/secure.gravatar.com\/avatar\/0602e944b6e8dc007fa3569fdeaf18e2?s=96&d=mm&r=g\",\"caption\":\"verges-admin\"},\"url\":\"https:\/\/verges.design\/es\/author\/verges-admin\/\"}]}<\/script>\n<!-- \/ Yoast SEO plugin. -->","yoast_head_json":{"title":"Verg\u00e9s a Maison & Objet 2020 - Verg\u00e9s","robots":{"index":"index","follow":"follow","max-snippet":"max-snippet:-1","max-image-preview":"max-image-preview:large","max-video-preview":"max-video-preview:-1"},"canonical":"https:\/\/verges.design\/es\/3535\/","og_locale":"es_ES","og_type":"article","og_title":"Verg\u00e9s a Maison & Objet 2020 - Verg\u00e9s","og_description":"Manel Molina dise\u00f1a la silla que commemora el 50 aniversario de Verg\u00e9s. Verg\u00e9s presenta en prim\u00edcia BOGART en Maison Objet en enero del 2020 El Estudio Manel Molina se ha inspirado en las primeras sillas que se produjeron en Verg\u00e9s a principios de los a\u00f1os 70 que fueron las tradicionales sillas de enea. Con motivo [&hellip;]","og_url":"https:\/\/verges.design\/es\/3535\/","og_site_name":"Verg\u00e9s","article_published_time":"2020-01-13T16:00:21+00:00","article_modified_time":"2025-03-03T15:29:30+00:00","og_image":[{"width":278,"height":250,"url":"https:\/\/verges.design\/wp-content\/uploads\/2020\/01\/Fodons-feder-para-noticias.jpg","type":"image\/jpeg"}],"author":"verges-admin","twitter_card":"summary_large_image","twitter_misc":{"Escrito por":"verges-admin","Tiempo de lectura":"1 minuto"},"schema":{"@context":"https:\/\/schema.org","@graph":[{"@type":"WebPage","@id":"https:\/\/verges.design\/es\/3535\/","url":"https:\/\/verges.design\/es\/3535\/","name":"Verg\u00e9s a Maison & Objet 2020 - Verg\u00e9s","isPartOf":{"@id":"https:\/\/verges.design\/es\/#website"},"primaryImageOfPage":{"@id":"https:\/\/verges.design\/es\/3535\/#primaryimage"},"image":{"@id":"https:\/\/verges.design\/es\/3535\/#primaryimage"},"thumbnailUrl":"https:\/\/verges.design\/wp-content\/uploads\/2020\/01\/Fodons-feder-para-noticias.jpg","datePublished":"2020-01-13T16:00:21+00:00","dateModified":"2025-03-03T15:29:30+00:00","author":{"@id":"https:\/\/verges.design\/es\/#\/schema\/person\/4e3e4bc1e367e78363cdc8a8fe1fd309"},"breadcrumb":{"@id":"https:\/\/verges.design\/es\/3535\/#breadcrumb"},"inLanguage":"es","potentialAction":[{"@type":"ReadAction","target":["https:\/\/verges.design\/es\/3535\/"]}]},{"@type":"ImageObject","inLanguage":"es","@id":"https:\/\/verges.design\/es\/3535\/#primaryimage","url":"https:\/\/verges.design\/wp-content\/uploads\/2020\/01\/Fodons-feder-para-noticias.jpg","contentUrl":"https:\/\/verges.design\/wp-content\/uploads\/2020\/01\/Fodons-feder-para-noticias.jpg"},{"@type":"BreadcrumbList","@id":"https:\/\/verges.design\/es\/3535\/#breadcrumb","itemListElement":[{"@type":"ListItem","position":1,"name":"Home","item":"https:\/\/verges.design\/es\/"},{"@type":"ListItem","position":2,"name":"Verg\u00e9s a Maison &#038; Objet 2020"}]},{"@type":"WebSite","@id":"https:\/\/verges.design\/es\/#website","url":"https:\/\/verges.design\/es\/","name":"Verg\u00e9s","description":"Las sillas y muebles Verg\u00e9s son el resultado de la conjunci\u00f3n de experiencia, vocaci\u00f3n, calidad y dise\u00f1o. Creamos muebles de dise\u00f1o para contract.","potentialAction":[{"@type":"SearchAction","target":{"@type":"EntryPoint","urlTemplate":"https:\/\/verges.design\/es\/?s={search_term_string}"},"query-input":{"@type":"PropertyValueSpecification","valueRequired":true,"valueName":"search_term_string"}}],"inLanguage":"es"},{"@type":"Person","@id":"https:\/\/verges.design\/es\/#\/schema\/person\/4e3e4bc1e367e78363cdc8a8fe1fd309","name":"verges-admin","image":{"@type":"ImageObject","inLanguage":"es","@id":"https:\/\/verges.design\/es\/#\/schema\/person\/image\/","url":"https:\/\/secure.gravatar.com\/avatar\/0602e944b6e8dc007fa3569fdeaf18e2?s=96&d=mm&r=g","contentUrl":"https:\/\/secure.gravatar.com\/avatar\/0602e944b6e8dc007fa3569fdeaf18e2?s=96&d=mm&r=g","caption":"verges-admin"},"url":"https:\/\/verges.design\/es\/author\/verges-admin\/"}]}},"_links":{"self":[{"href":"https:\/\/verges.design\/es\/wp-json\/wp\/v2\/posts\/3546"}],"collection":[{"href":"https:\/\/verges.design\/es\/wp-json\/wp\/v2\/posts"}],"about":[{"href":"https:\/\/verges.design\/es\/wp-json\/wp\/v2\/types\/post"}],"author":[{"embeddable":true,"href":"https:\/\/verges.design\/es\/wp-json\/wp\/v2\/users\/3"}],"replies":[{"embeddable":true,"href":"https:\/\/verges.design\/es\/wp-json\/wp\/v2\/comments?post=3546"}],"version-history":[{"count":15,"href":"https:\/\/verges.design\/es\/wp-json\/wp\/v2\/posts\/3546\/revisions"}],"predecessor-version":[{"id":22235,"href":"https:\/\/verges.design\/es\/wp-json\/wp\/v2\/posts\/3546\/revisions\/22235"}],"wp:attachment":[{"href":"https:\/\/verges.design\/es\/wp-json\/wp\/v2\/media?parent=3546"}],"wp:term":[{"taxonomy":"category","embeddable":true,"href":"https:\/\/verges.design\/es\/wp-json\/wp\/v2\/categories?post=3546"},{"taxonomy":"post_tag","embeddable":true,"href":"https:\/\/verges.design\/es\/wp-json\/wp\/v2\/tags?post=3546"}],"curies":[{"name":"wp","href":"https:\/\/api.w.org\/{rel}","templated":true}]}}