{"id":28117,"date":"2026-09-04T06:50:53","date_gmt":"2026-09-04T06:50:53","guid":{"rendered":"https:\/\/verges.design\/?p=28117"},"modified":"2026-09-04T06:51:45","modified_gmt":"2026-09-04T06:51:45","slug":"nuevo-espacio-gastronomico-de-montagud-en-barcelona","status":"publish","type":"post","link":"https:\/\/verges.design\/es\/nuevo-espacio-gastronomico-de-montagud-en-barcelona\/","title":{"rendered":"Nuevo espacio gastron\u00f3mico de Montagud en Barcelona"},"content":{"rendered":"<p><strong>El nuevo espacio gastron\u00f3mico de Montagud en Barcelona, concebido como el punto de encuentro e impulso de la cultura gastron\u00f3mica, apuesta por el mobiliario de Verg\u00e9s.<\/strong><\/p>\n<p>Montagud es una prestigiosa editorial especializada en gastronom\u00eda, una de las m\u00e1s influyentes del mundo. Desde que publicara su primer libro en 1906, con sus publicaciones\u00a0ha seguido documentado la evoluci\u00f3n de la alta cocina acompa\u00f1ando a generaciones de chefs, profesionales y amantes de la gastronom\u00eda.<\/p>\n<p>El cuidado dise\u00f1o de sus libros, as\u00ed como de su revista Apicius (que publica cada seis meses) refleja la pasi\u00f3n de Montagud por la excelencia y el cuidado por los detalles, y esta actitud se refleja en el showroom que recientemente han abierto en el Eixample de Barcelona. Este es un espacio pensado para reunir profesionales y apasionados de la alta cocina en presentaciones, experiencias gastron\u00f3micas y tertulias acerca de la cultura del buen comer.<\/p>\n<p>Lago Interioriza, responsables del proyecto de interiorismo, han creado un espacio tranquilo, sofisticado e intimista. En esta atmosfera sosegada, de tonos verde oscuro, las sillas y mesas de Verg\u00e9s se integran en el espacio y garantizan el m\u00e1ximo confort para disfrutar del encuentro y la experiencia\u00a0gastron\u00f3mica.<\/p>\n","protected":false},"excerpt":{"rendered":"<p>El nuevo espacio gastron\u00f3mico de Montagud en Barcelona, concebido como el punto de encuentro e impulso de la cultura gastron\u00f3mica, apuesta por el mobiliario de Verg\u00e9s. Montagud es una prestigiosa editorial especializada en gastronom\u00eda, una de las m\u00e1s influyentes del mundo. Desde que publicara su primer libro en 1906, con sus publicaciones\u00a0ha seguido documentado la [&hellip;]<\/p>\n","protected":false},"author":3,"featured_media":0,"comment_status":"closed","ping_status":"closed","sticky":false,"template":"","format":"standard","meta":{"_acf_changed":false,"content-type":"","footnotes":""},"categories":[3],"tags":[],"class_list":["post-28117","post","type-post","status-publish","format-standard","hentry","category-proyectos"],"acf":[],"yoast_head":"<!-- This site is optimized with the Yoast SEO plugin v25.6 - https:\/\/yoast.com\/wordpress\/plugins\/seo\/ -->\n<title>Nuevo espacio gastron\u00f3mico de Montagud en Barcelona - Verg\u00e9s<\/title>\n<meta name=\"robots\" content=\"index, follow, max-snippet:-1, max-image-preview:large, max-video-preview:-1\" \/>\n<link rel=\"canonical\" href=\"https:\/\/verges.design\/es\/nuevo-espacio-gastronomico-de-montagud-en-barcelona\/\" \/>\n<meta property=\"og:locale\" content=\"es_ES\" \/>\n<meta property=\"og:type\" content=\"article\" \/>\n<meta property=\"og:title\" content=\"Nuevo espacio gastron\u00f3mico de Montagud en Barcelona - Verg\u00e9s\" \/>\n<meta property=\"og:description\" content=\"El nuevo espacio gastron\u00f3mico de Montagud en Barcelona, concebido como el punto de encuentro e impulso de la cultura gastron\u00f3mica, apuesta por el mobiliario de Verg\u00e9s. Montagud es una prestigiosa editorial especializada en gastronom\u00eda, una de las m\u00e1s influyentes del mundo. Desde que publicara su primer libro en 1906, con sus publicaciones\u00a0ha seguido documentado la [&hellip;]\" \/>\n<meta property=\"og:url\" content=\"https:\/\/verges.design\/es\/nuevo-espacio-gastronomico-de-montagud-en-barcelona\/\" \/>\n<meta property=\"og:site_name\" content=\"Verg\u00e9s\" \/>\n<meta property=\"article:published_time\" content=\"2026-09-04T06:50:53+00:00\" \/>\n<meta property=\"article:modified_time\" content=\"2026-09-04T06:51:45+00:00\" \/>\n<meta name=\"author\" content=\"verges-admin\" \/>\n<meta name=\"twitter:card\" content=\"summary_large_image\" \/>\n<meta name=\"twitter:label1\" content=\"Escrito por\" \/>\n\t<meta name=\"twitter:data1\" content=\"verges-admin\" \/>\n\t<meta name=\"twitter:label2\" content=\"Tiempo de lectura\" \/>\n\t<meta name=\"twitter:data2\" content=\"1 minuto\" \/>\n<script type=\"application\/ld+json\" class=\"yoast-schema-graph\">{\"@context\":\"https:\/\/schema.org\",\"@graph\":[{\"@type\":\"WebPage\",\"@id\":\"https:\/\/verges.design\/es\/nuevo-espacio-gastronomico-de-montagud-en-barcelona\/\",\"url\":\"https:\/\/verges.design\/es\/nuevo-espacio-gastronomico-de-montagud-en-barcelona\/\",\"name\":\"Nuevo espacio gastron\u00f3mico de Montagud en Barcelona - Verg\u00e9s\",\"isPartOf\":{\"@id\":\"https:\/\/verges.design\/es\/#website\"},\"datePublished\":\"2026-09-04T06:50:53+00:00\",\"dateModified\":\"2026-09-04T06:51:45+00:00\",\"author\":{\"@id\":\"https:\/\/verges.design\/es\/#\/schema\/person\/4e3e4bc1e367e78363cdc8a8fe1fd309\"},\"breadcrumb\":{\"@id\":\"https:\/\/verges.design\/es\/nuevo-espacio-gastronomico-de-montagud-en-barcelona\/#breadcrumb\"},\"inLanguage\":\"es\",\"potentialAction\":[{\"@type\":\"ReadAction\",\"target\":[\"https:\/\/verges.design\/es\/nuevo-espacio-gastronomico-de-montagud-en-barcelona\/\"]}]},{\"@type\":\"BreadcrumbList\",\"@id\":\"https:\/\/verges.design\/es\/nuevo-espacio-gastronomico-de-montagud-en-barcelona\/#breadcrumb\",\"itemListElement\":[{\"@type\":\"ListItem\",\"position\":1,\"name\":\"Home\",\"item\":\"https:\/\/verges.design\/es\/\"},{\"@type\":\"ListItem\",\"position\":2,\"name\":\"Nuevo espacio gastron\u00f3mico de Montagud en Barcelona\"}]},{\"@type\":\"WebSite\",\"@id\":\"https:\/\/verges.design\/es\/#website\",\"url\":\"https:\/\/verges.design\/es\/\",\"name\":\"Verg\u00e9s\",\"description\":\"Las sillas y muebles Verg\u00e9s son el resultado de la conjunci\u00f3n de experiencia, vocaci\u00f3n, calidad y dise\u00f1o. Creamos muebles de dise\u00f1o para contract.\",\"potentialAction\":[{\"@type\":\"SearchAction\",\"target\":{\"@type\":\"EntryPoint\",\"urlTemplate\":\"https:\/\/verges.design\/es\/?s={search_term_string}\"},\"query-input\":{\"@type\":\"PropertyValueSpecification\",\"valueRequired\":true,\"valueName\":\"search_term_string\"}}],\"inLanguage\":\"es\"},{\"@type\":\"Person\",\"@id\":\"https:\/\/verges.design\/es\/#\/schema\/person\/4e3e4bc1e367e78363cdc8a8fe1fd309\",\"name\":\"verges-admin\",\"image\":{\"@type\":\"ImageObject\",\"inLanguage\":\"es\",\"@id\":\"https:\/\/verges.design\/es\/#\/schema\/person\/image\/\",\"url\":\"https:\/\/secure.gravatar.com\/avatar\/0602e944b6e8dc007fa3569fdeaf18e2?s=96&d=mm&r=g\",\"contentUrl\":\"https:\/\/secure.gravatar.com\/avatar\/0602e944b6e8dc007fa3569fdeaf18e2?s=96&d=mm&r=g\",\"caption\":\"verges-admin\"},\"url\":\"https:\/\/verges.design\/es\/author\/verges-admin\/\"}]}<\/script>\n<!-- \/ Yoast SEO plugin. -->","yoast_head_json":{"title":"Nuevo espacio gastron\u00f3mico de Montagud en Barcelona - Verg\u00e9s","robots":{"index":"index","follow":"follow","max-snippet":"max-snippet:-1","max-image-preview":"max-image-preview:large","max-video-preview":"max-video-preview:-1"},"canonical":"https:\/\/verges.design\/es\/nuevo-espacio-gastronomico-de-montagud-en-barcelona\/","og_locale":"es_ES","og_type":"article","og_title":"Nuevo espacio gastron\u00f3mico de Montagud en Barcelona - Verg\u00e9s","og_description":"El nuevo espacio gastron\u00f3mico de Montagud en Barcelona, concebido como el punto de encuentro e impulso de la cultura gastron\u00f3mica, apuesta por el mobiliario de Verg\u00e9s. Montagud es una prestigiosa editorial especializada en gastronom\u00eda, una de las m\u00e1s influyentes del mundo. Desde que publicara su primer libro en 1906, con sus publicaciones\u00a0ha seguido documentado la [&hellip;]","og_url":"https:\/\/verges.design\/es\/nuevo-espacio-gastronomico-de-montagud-en-barcelona\/","og_site_name":"Verg\u00e9s","article_published_time":"2026-09-04T06:50:53+00:00","article_modified_time":"2026-09-04T06:51:45+00:00","author":"verges-admin","twitter_card":"summary_large_image","twitter_misc":{"Escrito por":"verges-admin","Tiempo de lectura":"1 minuto"},"schema":{"@context":"https:\/\/schema.org","@graph":[{"@type":"WebPage","@id":"https:\/\/verges.design\/es\/nuevo-espacio-gastronomico-de-montagud-en-barcelona\/","url":"https:\/\/verges.design\/es\/nuevo-espacio-gastronomico-de-montagud-en-barcelona\/","name":"Nuevo espacio gastron\u00f3mico de Montagud en Barcelona - Verg\u00e9s","isPartOf":{"@id":"https:\/\/verges.design\/es\/#website"},"datePublished":"2026-09-04T06:50:53+00:00","dateModified":"2026-09-04T06:51:45+00:00","author":{"@id":"https:\/\/verges.design\/es\/#\/schema\/person\/4e3e4bc1e367e78363cdc8a8fe1fd309"},"breadcrumb":{"@id":"https:\/\/verges.design\/es\/nuevo-espacio-gastronomico-de-montagud-en-barcelona\/#breadcrumb"},"inLanguage":"es","potentialAction":[{"@type":"ReadAction","target":["https:\/\/verges.design\/es\/nuevo-espacio-gastronomico-de-montagud-en-barcelona\/"]}]},{"@type":"BreadcrumbList","@id":"https:\/\/verges.design\/es\/nuevo-espacio-gastronomico-de-montagud-en-barcelona\/#breadcrumb","itemListElement":[{"@type":"ListItem","position":1,"name":"Home","item":"https:\/\/verges.design\/es\/"},{"@type":"ListItem","position":2,"name":"Nuevo espacio gastron\u00f3mico de Montagud en Barcelona"}]},{"@type":"WebSite","@id":"https:\/\/verges.design\/es\/#website","url":"https:\/\/verges.design\/es\/","name":"Verg\u00e9s","description":"Las sillas y muebles Verg\u00e9s son el resultado de la conjunci\u00f3n de experiencia, vocaci\u00f3n, calidad y dise\u00f1o. Creamos muebles de dise\u00f1o para contract.","potentialAction":[{"@type":"SearchAction","target":{"@type":"EntryPoint","urlTemplate":"https:\/\/verges.design\/es\/?s={search_term_string}"},"query-input":{"@type":"PropertyValueSpecification","valueRequired":true,"valueName":"search_term_string"}}],"inLanguage":"es"},{"@type":"Person","@id":"https:\/\/verges.design\/es\/#\/schema\/person\/4e3e4bc1e367e78363cdc8a8fe1fd309","name":"verges-admin","image":{"@type":"ImageObject","inLanguage":"es","@id":"https:\/\/verges.design\/es\/#\/schema\/person\/image\/","url":"https:\/\/secure.gravatar.com\/avatar\/0602e944b6e8dc007fa3569fdeaf18e2?s=96&d=mm&r=g","contentUrl":"https:\/\/secure.gravatar.com\/avatar\/0602e944b6e8dc007fa3569fdeaf18e2?s=96&d=mm&r=g","caption":"verges-admin"},"url":"https:\/\/verges.design\/es\/author\/verges-admin\/"}]}},"_links":{"self":[{"href":"https:\/\/verges.design\/es\/wp-json\/wp\/v2\/posts\/28117"}],"collection":[{"href":"https:\/\/verges.design\/es\/wp-json\/wp\/v2\/posts"}],"about":[{"href":"https:\/\/verges.design\/es\/wp-json\/wp\/v2\/types\/post"}],"author":[{"embeddable":true,"href":"https:\/\/verges.design\/es\/wp-json\/wp\/v2\/users\/3"}],"replies":[{"embeddable":true,"href":"https:\/\/verges.design\/es\/wp-json\/wp\/v2\/comments?post=28117"}],"version-history":[{"count":2,"href":"https:\/\/verges.design\/es\/wp-json\/wp\/v2\/posts\/28117\/revisions"}],"predecessor-version":[{"id":28157,"href":"https:\/\/verges.design\/es\/wp-json\/wp\/v2\/posts\/28117\/revisions\/28157"}],"wp:attachment":[{"href":"https:\/\/verges.design\/es\/wp-json\/wp\/v2\/media?parent=28117"}],"wp:term":[{"taxonomy":"category","embeddable":true,"href":"https:\/\/verges.design\/es\/wp-json\/wp\/v2\/categories?post=28117"},{"taxonomy":"post_tag","embeddable":true,"href":"https:\/\/verges.design\/es\/wp-json\/wp\/v2\/tags?post=28117"}],"curies":[{"name":"wp","href":"https:\/\/api.w.org\/{rel}","templated":true}]}}