{"id":22424,"date":"2025-03-12T11:00:33","date_gmt":"2025-03-12T11:00:33","guid":{"rendered":"https:\/\/verges.design\/healthy-and-humane-environments-for-person-centred-care\/"},"modified":"2025-03-20T11:14:55","modified_gmt":"2025-03-20T11:14:55","slug":"healthy-and-humane-environments-for-person-centred-care","status":"publish","type":"post","link":"https:\/\/verges.design\/es\/healthy-and-humane-environments-for-person-centred-care\/","title":{"rendered":"Entornos saludables y humanos para la atenci\u00f3n centrada en la persona"},"content":{"rendered":"<p>El interiorismo\u00a0de la residencia\u00a0\u201cMirador de Gr\u00e0cia\u201d de Barcelona (Fiatc Resid\u00e8ncies),\u00a0obra de\u00a0Miriam Castells Studio, combina materiales c\u00e1lidos y duraderos para\u00a0crear entornos acogedores y saludables que prioricen el bienestar de las personas residentes.<\/p>\n<p>El mobiliario inclusivo CARE, dise\u00f1ado por Emiliana Design Studio y producido por Verg\u00e9s, abraza la diversidad de capacidades de las personas y prioriza aspectos como el confort, la funcionalidad y el mantenimiento.<\/p>\n","protected":false},"excerpt":{"rendered":"<p>El interiorismo\u00a0de la residencia\u00a0\u201cMirador de Gr\u00e0cia\u201d de Barcelona (Fiatc Resid\u00e8ncies),\u00a0obra de\u00a0Miriam Castells Studio, combina materiales c\u00e1lidos y duraderos para\u00a0crear entornos acogedores y saludables que prioricen el bienestar de las personas residentes. El mobiliario inclusivo CARE, dise\u00f1ado por Emiliana Design Studio y producido por Verg\u00e9s, abraza la diversidad de capacidades de las personas y prioriza aspectos [&hellip;]<\/p>\n","protected":false},"author":3,"featured_media":0,"comment_status":"closed","ping_status":"closed","sticky":false,"template":"","format":"standard","meta":{"_acf_changed":false,"footnotes":""},"categories":[3],"tags":[],"class_list":["post-22424","post","type-post","status-publish","format-standard","hentry","category-proyectos"],"acf":[],"yoast_head":"<!-- This site is optimized with the Yoast SEO plugin v25.6 - https:\/\/yoast.com\/wordpress\/plugins\/seo\/ -->\n<title>Entornos saludables y humanos para la atenci\u00f3n centrada en la persona - Verg\u00e9s<\/title>\n<meta name=\"robots\" content=\"index, follow, max-snippet:-1, max-image-preview:large, max-video-preview:-1\" \/>\n<link rel=\"canonical\" href=\"https:\/\/verges.design\/es\/healthy-and-humane-environments-for-person-centred-care\/\" \/>\n<meta property=\"og:locale\" content=\"es_ES\" \/>\n<meta property=\"og:type\" content=\"article\" \/>\n<meta property=\"og:title\" content=\"Entornos saludables y humanos para la atenci\u00f3n centrada en la persona - Verg\u00e9s\" \/>\n<meta property=\"og:description\" content=\"El interiorismo\u00a0de la residencia\u00a0\u201cMirador de Gr\u00e0cia\u201d de Barcelona (Fiatc Resid\u00e8ncies),\u00a0obra de\u00a0Miriam Castells Studio, combina materiales c\u00e1lidos y duraderos para\u00a0crear entornos acogedores y saludables que prioricen el bienestar de las personas residentes. El mobiliario inclusivo CARE, dise\u00f1ado por Emiliana Design Studio y producido por Verg\u00e9s, abraza la diversidad de capacidades de las personas y prioriza aspectos [&hellip;]\" \/>\n<meta property=\"og:url\" content=\"https:\/\/verges.design\/es\/healthy-and-humane-environments-for-person-centred-care\/\" \/>\n<meta property=\"og:site_name\" content=\"Verg\u00e9s\" \/>\n<meta property=\"article:published_time\" content=\"2025-03-12T11:00:33+00:00\" \/>\n<meta property=\"article:modified_time\" content=\"2025-03-20T11:14:55+00:00\" \/>\n<meta name=\"author\" content=\"verges-admin\" \/>\n<meta name=\"twitter:card\" content=\"summary_large_image\" \/>\n<meta name=\"twitter:label1\" content=\"Escrito por\" \/>\n\t<meta name=\"twitter:data1\" content=\"verges-admin\" \/>\n\t<meta name=\"twitter:label2\" content=\"Tiempo de lectura\" \/>\n\t<meta name=\"twitter:data2\" content=\"1 minuto\" \/>\n<script type=\"application\/ld+json\" class=\"yoast-schema-graph\">{\"@context\":\"https:\/\/schema.org\",\"@graph\":[{\"@type\":\"WebPage\",\"@id\":\"https:\/\/verges.design\/es\/healthy-and-humane-environments-for-person-centred-care\/\",\"url\":\"https:\/\/verges.design\/es\/healthy-and-humane-environments-for-person-centred-care\/\",\"name\":\"Entornos saludables y humanos para la atenci\u00f3n centrada en la persona - Verg\u00e9s\",\"isPartOf\":{\"@id\":\"https:\/\/verges.design\/es\/#website\"},\"datePublished\":\"2025-03-12T11:00:33+00:00\",\"dateModified\":\"2025-03-20T11:14:55+00:00\",\"author\":{\"@id\":\"https:\/\/verges.design\/es\/#\/schema\/person\/4e3e4bc1e367e78363cdc8a8fe1fd309\"},\"breadcrumb\":{\"@id\":\"https:\/\/verges.design\/es\/healthy-and-humane-environments-for-person-centred-care\/#breadcrumb\"},\"inLanguage\":\"es\",\"potentialAction\":[{\"@type\":\"ReadAction\",\"target\":[\"https:\/\/verges.design\/es\/healthy-and-humane-environments-for-person-centred-care\/\"]}]},{\"@type\":\"BreadcrumbList\",\"@id\":\"https:\/\/verges.design\/es\/healthy-and-humane-environments-for-person-centred-care\/#breadcrumb\",\"itemListElement\":[{\"@type\":\"ListItem\",\"position\":1,\"name\":\"Home\",\"item\":\"https:\/\/verges.design\/es\/\"},{\"@type\":\"ListItem\",\"position\":2,\"name\":\"Entornos saludables y humanos para la atenci\u00f3n centrada en la persona\"}]},{\"@type\":\"WebSite\",\"@id\":\"https:\/\/verges.design\/es\/#website\",\"url\":\"https:\/\/verges.design\/es\/\",\"name\":\"Verg\u00e9s\",\"description\":\"Las sillas y muebles Verg\u00e9s son el resultado de la conjunci\u00f3n de experiencia, vocaci\u00f3n, calidad y dise\u00f1o. Creamos muebles de dise\u00f1o para contract.\",\"potentialAction\":[{\"@type\":\"SearchAction\",\"target\":{\"@type\":\"EntryPoint\",\"urlTemplate\":\"https:\/\/verges.design\/es\/?s={search_term_string}\"},\"query-input\":{\"@type\":\"PropertyValueSpecification\",\"valueRequired\":true,\"valueName\":\"search_term_string\"}}],\"inLanguage\":\"es\"},{\"@type\":\"Person\",\"@id\":\"https:\/\/verges.design\/es\/#\/schema\/person\/4e3e4bc1e367e78363cdc8a8fe1fd309\",\"name\":\"verges-admin\",\"image\":{\"@type\":\"ImageObject\",\"inLanguage\":\"es\",\"@id\":\"https:\/\/verges.design\/es\/#\/schema\/person\/image\/\",\"url\":\"https:\/\/secure.gravatar.com\/avatar\/0602e944b6e8dc007fa3569fdeaf18e2?s=96&d=mm&r=g\",\"contentUrl\":\"https:\/\/secure.gravatar.com\/avatar\/0602e944b6e8dc007fa3569fdeaf18e2?s=96&d=mm&r=g\",\"caption\":\"verges-admin\"},\"url\":\"https:\/\/verges.design\/es\/author\/verges-admin\/\"}]}<\/script>\n<!-- \/ Yoast SEO plugin. -->","yoast_head_json":{"title":"Entornos saludables y humanos para la atenci\u00f3n centrada en la persona - Verg\u00e9s","robots":{"index":"index","follow":"follow","max-snippet":"max-snippet:-1","max-image-preview":"max-image-preview:large","max-video-preview":"max-video-preview:-1"},"canonical":"https:\/\/verges.design\/es\/healthy-and-humane-environments-for-person-centred-care\/","og_locale":"es_ES","og_type":"article","og_title":"Entornos saludables y humanos para la atenci\u00f3n centrada en la persona - Verg\u00e9s","og_description":"El interiorismo\u00a0de la residencia\u00a0\u201cMirador de Gr\u00e0cia\u201d de Barcelona (Fiatc Resid\u00e8ncies),\u00a0obra de\u00a0Miriam Castells Studio, combina materiales c\u00e1lidos y duraderos para\u00a0crear entornos acogedores y saludables que prioricen el bienestar de las personas residentes. El mobiliario inclusivo CARE, dise\u00f1ado por Emiliana Design Studio y producido por Verg\u00e9s, abraza la diversidad de capacidades de las personas y prioriza aspectos [&hellip;]","og_url":"https:\/\/verges.design\/es\/healthy-and-humane-environments-for-person-centred-care\/","og_site_name":"Verg\u00e9s","article_published_time":"2025-03-12T11:00:33+00:00","article_modified_time":"2025-03-20T11:14:55+00:00","author":"verges-admin","twitter_card":"summary_large_image","twitter_misc":{"Escrito por":"verges-admin","Tiempo de lectura":"1 minuto"},"schema":{"@context":"https:\/\/schema.org","@graph":[{"@type":"WebPage","@id":"https:\/\/verges.design\/es\/healthy-and-humane-environments-for-person-centred-care\/","url":"https:\/\/verges.design\/es\/healthy-and-humane-environments-for-person-centred-care\/","name":"Entornos saludables y humanos para la atenci\u00f3n centrada en la persona - Verg\u00e9s","isPartOf":{"@id":"https:\/\/verges.design\/es\/#website"},"datePublished":"2025-03-12T11:00:33+00:00","dateModified":"2025-03-20T11:14:55+00:00","author":{"@id":"https:\/\/verges.design\/es\/#\/schema\/person\/4e3e4bc1e367e78363cdc8a8fe1fd309"},"breadcrumb":{"@id":"https:\/\/verges.design\/es\/healthy-and-humane-environments-for-person-centred-care\/#breadcrumb"},"inLanguage":"es","potentialAction":[{"@type":"ReadAction","target":["https:\/\/verges.design\/es\/healthy-and-humane-environments-for-person-centred-care\/"]}]},{"@type":"BreadcrumbList","@id":"https:\/\/verges.design\/es\/healthy-and-humane-environments-for-person-centred-care\/#breadcrumb","itemListElement":[{"@type":"ListItem","position":1,"name":"Home","item":"https:\/\/verges.design\/es\/"},{"@type":"ListItem","position":2,"name":"Entornos saludables y humanos para la atenci\u00f3n centrada en la persona"}]},{"@type":"WebSite","@id":"https:\/\/verges.design\/es\/#website","url":"https:\/\/verges.design\/es\/","name":"Verg\u00e9s","description":"Las sillas y muebles Verg\u00e9s son el resultado de la conjunci\u00f3n de experiencia, vocaci\u00f3n, calidad y dise\u00f1o. Creamos muebles de dise\u00f1o para contract.","potentialAction":[{"@type":"SearchAction","target":{"@type":"EntryPoint","urlTemplate":"https:\/\/verges.design\/es\/?s={search_term_string}"},"query-input":{"@type":"PropertyValueSpecification","valueRequired":true,"valueName":"search_term_string"}}],"inLanguage":"es"},{"@type":"Person","@id":"https:\/\/verges.design\/es\/#\/schema\/person\/4e3e4bc1e367e78363cdc8a8fe1fd309","name":"verges-admin","image":{"@type":"ImageObject","inLanguage":"es","@id":"https:\/\/verges.design\/es\/#\/schema\/person\/image\/","url":"https:\/\/secure.gravatar.com\/avatar\/0602e944b6e8dc007fa3569fdeaf18e2?s=96&d=mm&r=g","contentUrl":"https:\/\/secure.gravatar.com\/avatar\/0602e944b6e8dc007fa3569fdeaf18e2?s=96&d=mm&r=g","caption":"verges-admin"},"url":"https:\/\/verges.design\/es\/author\/verges-admin\/"}]}},"_links":{"self":[{"href":"https:\/\/verges.design\/es\/wp-json\/wp\/v2\/posts\/22424"}],"collection":[{"href":"https:\/\/verges.design\/es\/wp-json\/wp\/v2\/posts"}],"about":[{"href":"https:\/\/verges.design\/es\/wp-json\/wp\/v2\/types\/post"}],"author":[{"embeddable":true,"href":"https:\/\/verges.design\/es\/wp-json\/wp\/v2\/users\/3"}],"replies":[{"embeddable":true,"href":"https:\/\/verges.design\/es\/wp-json\/wp\/v2\/comments?post=22424"}],"version-history":[{"count":6,"href":"https:\/\/verges.design\/es\/wp-json\/wp\/v2\/posts\/22424\/revisions"}],"predecessor-version":[{"id":22617,"href":"https:\/\/verges.design\/es\/wp-json\/wp\/v2\/posts\/22424\/revisions\/22617"}],"wp:attachment":[{"href":"https:\/\/verges.design\/es\/wp-json\/wp\/v2\/media?parent=22424"}],"wp:term":[{"taxonomy":"category","embeddable":true,"href":"https:\/\/verges.design\/es\/wp-json\/wp\/v2\/categories?post=22424"},{"taxonomy":"post_tag","embeddable":true,"href":"https:\/\/verges.design\/es\/wp-json\/wp\/v2\/tags?post=22424"}],"curies":[{"name":"wp","href":"https:\/\/api.w.org\/{rel}","templated":true}]}}