{"id":28116,"date":"2026-09-04T06:58:29","date_gmt":"2026-09-04T06:58:29","guid":{"rendered":"https:\/\/verges.design\/?p=28116"},"modified":"2026-09-04T07:14:54","modified_gmt":"2026-09-04T07:14:54","slug":"nou-espai-gastronomic-de-montagud-a-barcelona","status":"publish","type":"post","link":"https:\/\/verges.design\/ca\/nou-espai-gastronomic-de-montagud-a-barcelona\/","title":{"rendered":"Nou espai gastron\u00f2mic de Montagud a Barcelona"},"content":{"rendered":"<p dir=\"ltr\"><strong>El nou espai gastron\u00f2mic de Montagud a Barcelona, concebut com a punt de trobada i impuls de la cultura gastron\u00f2mica, aposta pel mobiliari de Verg\u00e9s.<\/strong><\/p>\n<p dir=\"ltr\">Montagud \u00e9s una prestigiosa editorial especialitzada en gastronomia, una de les m\u00e9s influents del m\u00f3n. Des que va publicar el seu primer llibre l&#8217;any 1906, amb les seves publicacions ha continuat documentant l&#8217;evoluci\u00f3 de l&#8217;alta cuina acompanyant generacions de xefs, professionals i amants de la gastronomia.<\/p>\n<p dir=\"ltr\">L&#8217;acurat disseny dels seus llibres, aix\u00ed com de la seva revista Apicius (que publica cada sis mesos), reflecteix la passi\u00f3 de Montagud per l&#8217;excel\u00b7l\u00e8ncia i la cura pels detalls, i aquesta actitud es reflecteix en el showroom que recentment han obert a l&#8217;Eixample de Barcelona. Aquest \u00e9s un espai pensat per reunir professionals i apassionats de l&#8217;alta cuina en presentacions, experi\u00e8ncies gastron\u00f2miques i tert\u00falies sobre la cultura del bon menjar.<\/p>\n<p dir=\"ltr\">Lago Interioriza, responsables del projecte d&#8217;interiorisme, han creat un espai tranquil, sofisticat i \u00edntim. En aquesta atmosfera assossegada, de tons verd fosc, les cadires i taules de Verg\u00e9s s&#8217;integren en l&#8217;espai i garanteixen el m\u00e0xim confort per gaudir de la trobada i l&#8217;experi\u00e8ncia gastron\u00f2mica.<\/p>\n","protected":false},"excerpt":{"rendered":"<p>El nou espai gastron\u00f2mic de Montagud a Barcelona, concebut com a punt de trobada i impuls de la cultura gastron\u00f2mica, aposta pel mobiliari de Verg\u00e9s. Montagud \u00e9s una prestigiosa editorial especialitzada en gastronomia, una de les m\u00e9s influents del m\u00f3n. Des que va publicar el seu primer llibre l&#8217;any 1906, amb les seves publicacions ha [&hellip;]<\/p>\n","protected":false},"author":3,"featured_media":0,"comment_status":"closed","ping_status":"closed","sticky":false,"template":"","format":"standard","meta":{"_acf_changed":false,"content-type":"","footnotes":""},"categories":[6],"tags":[],"class_list":["post-28116","post","type-post","status-publish","format-standard","hentry","category-projectes"],"acf":[],"yoast_head":"<!-- This site is optimized with the Yoast SEO plugin v25.6 - https:\/\/yoast.com\/wordpress\/plugins\/seo\/ -->\n<title>Nou espai gastron\u00f2mic de Montagud a Barcelona - Verg\u00e9s<\/title>\n<meta name=\"robots\" content=\"index, follow, max-snippet:-1, max-image-preview:large, max-video-preview:-1\" \/>\n<link rel=\"canonical\" href=\"https:\/\/verges.design\/ca\/nou-espai-gastronomic-de-montagud-a-barcelona\/\" \/>\n<meta property=\"og:locale\" content=\"ca_ES\" \/>\n<meta property=\"og:type\" content=\"article\" \/>\n<meta property=\"og:title\" content=\"Nou espai gastron\u00f2mic de Montagud a Barcelona - Verg\u00e9s\" \/>\n<meta property=\"og:description\" content=\"El nou espai gastron\u00f2mic de Montagud a Barcelona, concebut com a punt de trobada i impuls de la cultura gastron\u00f2mica, aposta pel mobiliari de Verg\u00e9s. Montagud \u00e9s una prestigiosa editorial especialitzada en gastronomia, una de les m\u00e9s influents del m\u00f3n. Des que va publicar el seu primer llibre l&#8217;any 1906, amb les seves publicacions ha [&hellip;]\" \/>\n<meta property=\"og:url\" content=\"https:\/\/verges.design\/ca\/nou-espai-gastronomic-de-montagud-a-barcelona\/\" \/>\n<meta property=\"og:site_name\" content=\"Verg\u00e9s\" \/>\n<meta property=\"article:published_time\" content=\"2026-09-04T06:58:29+00:00\" \/>\n<meta property=\"article:modified_time\" content=\"2026-09-04T07:14:54+00:00\" \/>\n<meta name=\"author\" content=\"verges-admin\" \/>\n<meta name=\"twitter:card\" content=\"summary_large_image\" \/>\n<meta name=\"twitter:label1\" content=\"Escrit per\" \/>\n\t<meta name=\"twitter:data1\" content=\"verges-admin\" \/>\n\t<meta name=\"twitter:label2\" content=\"Temps estimat de lectura\" \/>\n\t<meta name=\"twitter:data2\" content=\"1 minut\" \/>\n<script type=\"application\/ld+json\" class=\"yoast-schema-graph\">{\"@context\":\"https:\/\/schema.org\",\"@graph\":[{\"@type\":\"WebPage\",\"@id\":\"https:\/\/verges.design\/ca\/nou-espai-gastronomic-de-montagud-a-barcelona\/\",\"url\":\"https:\/\/verges.design\/ca\/nou-espai-gastronomic-de-montagud-a-barcelona\/\",\"name\":\"Nou espai gastron\u00f2mic de Montagud a Barcelona - Verg\u00e9s\",\"isPartOf\":{\"@id\":\"https:\/\/verges.design\/ca\/#website\"},\"datePublished\":\"2026-09-04T06:58:29+00:00\",\"dateModified\":\"2026-09-04T07:14:54+00:00\",\"author\":{\"@id\":\"https:\/\/verges.design\/ca\/#\/schema\/person\/4e3e4bc1e367e78363cdc8a8fe1fd309\"},\"breadcrumb\":{\"@id\":\"https:\/\/verges.design\/ca\/nou-espai-gastronomic-de-montagud-a-barcelona\/#breadcrumb\"},\"inLanguage\":\"ca\",\"potentialAction\":[{\"@type\":\"ReadAction\",\"target\":[\"https:\/\/verges.design\/ca\/nou-espai-gastronomic-de-montagud-a-barcelona\/\"]}]},{\"@type\":\"BreadcrumbList\",\"@id\":\"https:\/\/verges.design\/ca\/nou-espai-gastronomic-de-montagud-a-barcelona\/#breadcrumb\",\"itemListElement\":[{\"@type\":\"ListItem\",\"position\":1,\"name\":\"Home\",\"item\":\"https:\/\/verges.design\/ca\/\"},{\"@type\":\"ListItem\",\"position\":2,\"name\":\"Nou espai gastron\u00f2mic de Montagud a Barcelona\"}]},{\"@type\":\"WebSite\",\"@id\":\"https:\/\/verges.design\/ca\/#website\",\"url\":\"https:\/\/verges.design\/ca\/\",\"name\":\"Verg\u00e9s\",\"description\":\"Las sillas y muebles Verg\u00e9s son el resultado de la conjunci\u00f3n de experiencia, vocaci\u00f3n, calidad y dise\u00f1o. Creamos muebles de dise\u00f1o para contract.\",\"potentialAction\":[{\"@type\":\"SearchAction\",\"target\":{\"@type\":\"EntryPoint\",\"urlTemplate\":\"https:\/\/verges.design\/ca\/?s={search_term_string}\"},\"query-input\":{\"@type\":\"PropertyValueSpecification\",\"valueRequired\":true,\"valueName\":\"search_term_string\"}}],\"inLanguage\":\"ca\"},{\"@type\":\"Person\",\"@id\":\"https:\/\/verges.design\/ca\/#\/schema\/person\/4e3e4bc1e367e78363cdc8a8fe1fd309\",\"name\":\"verges-admin\",\"image\":{\"@type\":\"ImageObject\",\"inLanguage\":\"ca\",\"@id\":\"https:\/\/verges.design\/ca\/#\/schema\/person\/image\/\",\"url\":\"https:\/\/secure.gravatar.com\/avatar\/0602e944b6e8dc007fa3569fdeaf18e2?s=96&d=mm&r=g\",\"contentUrl\":\"https:\/\/secure.gravatar.com\/avatar\/0602e944b6e8dc007fa3569fdeaf18e2?s=96&d=mm&r=g\",\"caption\":\"verges-admin\"},\"url\":\"https:\/\/verges.design\/ca\/author\/verges-admin\/\"}]}<\/script>\n<!-- \/ Yoast SEO plugin. -->","yoast_head_json":{"title":"Nou espai gastron\u00f2mic de Montagud a Barcelona - Verg\u00e9s","robots":{"index":"index","follow":"follow","max-snippet":"max-snippet:-1","max-image-preview":"max-image-preview:large","max-video-preview":"max-video-preview:-1"},"canonical":"https:\/\/verges.design\/ca\/nou-espai-gastronomic-de-montagud-a-barcelona\/","og_locale":"ca_ES","og_type":"article","og_title":"Nou espai gastron\u00f2mic de Montagud a Barcelona - Verg\u00e9s","og_description":"El nou espai gastron\u00f2mic de Montagud a Barcelona, concebut com a punt de trobada i impuls de la cultura gastron\u00f2mica, aposta pel mobiliari de Verg\u00e9s. Montagud \u00e9s una prestigiosa editorial especialitzada en gastronomia, una de les m\u00e9s influents del m\u00f3n. Des que va publicar el seu primer llibre l&#8217;any 1906, amb les seves publicacions ha [&hellip;]","og_url":"https:\/\/verges.design\/ca\/nou-espai-gastronomic-de-montagud-a-barcelona\/","og_site_name":"Verg\u00e9s","article_published_time":"2026-09-04T06:58:29+00:00","article_modified_time":"2026-09-04T07:14:54+00:00","author":"verges-admin","twitter_card":"summary_large_image","twitter_misc":{"Escrit per":"verges-admin","Temps estimat de lectura":"1 minut"},"schema":{"@context":"https:\/\/schema.org","@graph":[{"@type":"WebPage","@id":"https:\/\/verges.design\/ca\/nou-espai-gastronomic-de-montagud-a-barcelona\/","url":"https:\/\/verges.design\/ca\/nou-espai-gastronomic-de-montagud-a-barcelona\/","name":"Nou espai gastron\u00f2mic de Montagud a Barcelona - Verg\u00e9s","isPartOf":{"@id":"https:\/\/verges.design\/ca\/#website"},"datePublished":"2026-09-04T06:58:29+00:00","dateModified":"2026-09-04T07:14:54+00:00","author":{"@id":"https:\/\/verges.design\/ca\/#\/schema\/person\/4e3e4bc1e367e78363cdc8a8fe1fd309"},"breadcrumb":{"@id":"https:\/\/verges.design\/ca\/nou-espai-gastronomic-de-montagud-a-barcelona\/#breadcrumb"},"inLanguage":"ca","potentialAction":[{"@type":"ReadAction","target":["https:\/\/verges.design\/ca\/nou-espai-gastronomic-de-montagud-a-barcelona\/"]}]},{"@type":"BreadcrumbList","@id":"https:\/\/verges.design\/ca\/nou-espai-gastronomic-de-montagud-a-barcelona\/#breadcrumb","itemListElement":[{"@type":"ListItem","position":1,"name":"Home","item":"https:\/\/verges.design\/ca\/"},{"@type":"ListItem","position":2,"name":"Nou espai gastron\u00f2mic de Montagud a Barcelona"}]},{"@type":"WebSite","@id":"https:\/\/verges.design\/ca\/#website","url":"https:\/\/verges.design\/ca\/","name":"Verg\u00e9s","description":"Las sillas y muebles Verg\u00e9s son el resultado de la conjunci\u00f3n de experiencia, vocaci\u00f3n, calidad y dise\u00f1o. Creamos muebles de dise\u00f1o para contract.","potentialAction":[{"@type":"SearchAction","target":{"@type":"EntryPoint","urlTemplate":"https:\/\/verges.design\/ca\/?s={search_term_string}"},"query-input":{"@type":"PropertyValueSpecification","valueRequired":true,"valueName":"search_term_string"}}],"inLanguage":"ca"},{"@type":"Person","@id":"https:\/\/verges.design\/ca\/#\/schema\/person\/4e3e4bc1e367e78363cdc8a8fe1fd309","name":"verges-admin","image":{"@type":"ImageObject","inLanguage":"ca","@id":"https:\/\/verges.design\/ca\/#\/schema\/person\/image\/","url":"https:\/\/secure.gravatar.com\/avatar\/0602e944b6e8dc007fa3569fdeaf18e2?s=96&d=mm&r=g","contentUrl":"https:\/\/secure.gravatar.com\/avatar\/0602e944b6e8dc007fa3569fdeaf18e2?s=96&d=mm&r=g","caption":"verges-admin"},"url":"https:\/\/verges.design\/ca\/author\/verges-admin\/"}]}},"_links":{"self":[{"href":"https:\/\/verges.design\/ca\/wp-json\/wp\/v2\/posts\/28116"}],"collection":[{"href":"https:\/\/verges.design\/ca\/wp-json\/wp\/v2\/posts"}],"about":[{"href":"https:\/\/verges.design\/ca\/wp-json\/wp\/v2\/types\/post"}],"author":[{"embeddable":true,"href":"https:\/\/verges.design\/ca\/wp-json\/wp\/v2\/users\/3"}],"replies":[{"embeddable":true,"href":"https:\/\/verges.design\/ca\/wp-json\/wp\/v2\/comments?post=28116"}],"version-history":[{"count":1,"href":"https:\/\/verges.design\/ca\/wp-json\/wp\/v2\/posts\/28116\/revisions"}],"predecessor-version":[{"id":28160,"href":"https:\/\/verges.design\/ca\/wp-json\/wp\/v2\/posts\/28116\/revisions\/28160"}],"wp:attachment":[{"href":"https:\/\/verges.design\/ca\/wp-json\/wp\/v2\/media?parent=28116"}],"wp:term":[{"taxonomy":"category","embeddable":true,"href":"https:\/\/verges.design\/ca\/wp-json\/wp\/v2\/categories?post=28116"},{"taxonomy":"post_tag","embeddable":true,"href":"https:\/\/verges.design\/ca\/wp-json\/wp\/v2\/tags?post=28116"}],"curies":[{"name":"wp","href":"https:\/\/api.w.org\/{rel}","templated":true}]}}