{"id":27383,"date":"2026-04-29T08:35:08","date_gmt":"2026-04-29T08:35:08","guid":{"rendered":"https:\/\/verges.design\/salone-del-mobile-milano-2026\/"},"modified":"2026-04-29T08:42:18","modified_gmt":"2026-04-29T08:42:18","slug":"salone-del-mobile-milano-2026","status":"publish","type":"post","link":"https:\/\/verges.design\/ca\/salone-del-mobile-milano-2026\/","title":{"rendered":"Salone del Mobile. Milano 2026"},"content":{"rendered":"<p data-start=\"101\" data-end=\"262\">Al Salone del Mobile de Milano 2026, vam presentar les nostres \u00faltimes col\u00b7leccions de reconeguts dissenyadors en un estand dissenyat per Emiliana Design Studio.<\/p>\n<p data-start=\"264\" data-end=\"886\">Anderssen &amp; Voll va presentar TREK, una butaca que combina cuir i fusta per aconseguir una est\u00e8tica natural i duradora. Jonas Wagell va presentar PUNTO, una cadira definida per les seves formes entapissades, suaus i envoltants. Mentsen va presentar ENSEMBLE, un sistema de bancs amb unions enginyosament dissenyades que destaquen l\u2019eleg\u00e0ncia de les seves connexions. Emiliana Design va presentar SOCA, que es distingeix pel seu disseny senzill i org\u00e0nic; juntament amb les nostres col\u00b7leccions m\u00e9s ic\u00f2niques dissenyades per Norm Architects, Julien Renault, Manel Molina, Lagranja Design, Ramos &amp; Bassols, Andreu Carulla i Studio Tolvanen.<\/p>\n","protected":false},"excerpt":{"rendered":"<p>Al Salone del Mobile de Milano 2026, vam presentar les nostres \u00faltimes col\u00b7leccions de reconeguts dissenyadors en un estand dissenyat per Emiliana Design Studio. Anderssen &amp; Voll va presentar TREK, una butaca que combina cuir i fusta per aconseguir una est\u00e8tica natural i duradora. Jonas Wagell va presentar PUNTO, una cadira definida per les seves [&hellip;]<\/p>\n","protected":false},"author":3,"featured_media":0,"comment_status":"closed","ping_status":"closed","sticky":false,"template":"","format":"standard","meta":{"_acf_changed":false,"footnotes":""},"categories":[6],"tags":[],"class_list":["post-27383","post","type-post","status-publish","format-standard","hentry","category-projectes"],"acf":[],"yoast_head":"<!-- This site is optimized with the Yoast SEO plugin v25.6 - https:\/\/yoast.com\/wordpress\/plugins\/seo\/ -->\n<title>Salone del Mobile. Milano 2026 - Verg\u00e9s<\/title>\n<meta name=\"robots\" content=\"index, follow, max-snippet:-1, max-image-preview:large, max-video-preview:-1\" \/>\n<link rel=\"canonical\" href=\"https:\/\/verges.design\/ca\/salone-del-mobile-milano-2026\/\" \/>\n<meta property=\"og:locale\" content=\"ca_ES\" \/>\n<meta property=\"og:type\" content=\"article\" \/>\n<meta property=\"og:title\" content=\"Salone del Mobile. Milano 2026 - Verg\u00e9s\" \/>\n<meta property=\"og:description\" content=\"Al Salone del Mobile de Milano 2026, vam presentar les nostres \u00faltimes col\u00b7leccions de reconeguts dissenyadors en un estand dissenyat per Emiliana Design Studio. Anderssen &amp; Voll va presentar TREK, una butaca que combina cuir i fusta per aconseguir una est\u00e8tica natural i duradora. Jonas Wagell va presentar PUNTO, una cadira definida per les seves [&hellip;]\" \/>\n<meta property=\"og:url\" content=\"https:\/\/verges.design\/ca\/salone-del-mobile-milano-2026\/\" \/>\n<meta property=\"og:site_name\" content=\"Verg\u00e9s\" \/>\n<meta property=\"article:published_time\" content=\"2026-04-29T08:35:08+00:00\" \/>\n<meta property=\"article:modified_time\" content=\"2026-04-29T08:42:18+00:00\" \/>\n<meta name=\"author\" content=\"verges-admin\" \/>\n<meta name=\"twitter:card\" content=\"summary_large_image\" \/>\n<meta name=\"twitter:label1\" content=\"Escrit per\" \/>\n\t<meta name=\"twitter:data1\" content=\"verges-admin\" \/>\n\t<meta name=\"twitter:label2\" content=\"Temps estimat de lectura\" \/>\n\t<meta name=\"twitter:data2\" content=\"1 minut\" \/>\n<script type=\"application\/ld+json\" class=\"yoast-schema-graph\">{\"@context\":\"https:\/\/schema.org\",\"@graph\":[{\"@type\":\"WebPage\",\"@id\":\"https:\/\/verges.design\/ca\/salone-del-mobile-milano-2026\/\",\"url\":\"https:\/\/verges.design\/ca\/salone-del-mobile-milano-2026\/\",\"name\":\"Salone del Mobile. Milano 2026 - Verg\u00e9s\",\"isPartOf\":{\"@id\":\"https:\/\/verges.design\/ca\/#website\"},\"datePublished\":\"2026-04-29T08:35:08+00:00\",\"dateModified\":\"2026-04-29T08:42:18+00:00\",\"author\":{\"@id\":\"https:\/\/verges.design\/ca\/#\/schema\/person\/4e3e4bc1e367e78363cdc8a8fe1fd309\"},\"breadcrumb\":{\"@id\":\"https:\/\/verges.design\/ca\/salone-del-mobile-milano-2026\/#breadcrumb\"},\"inLanguage\":\"ca\",\"potentialAction\":[{\"@type\":\"ReadAction\",\"target\":[\"https:\/\/verges.design\/ca\/salone-del-mobile-milano-2026\/\"]}]},{\"@type\":\"BreadcrumbList\",\"@id\":\"https:\/\/verges.design\/ca\/salone-del-mobile-milano-2026\/#breadcrumb\",\"itemListElement\":[{\"@type\":\"ListItem\",\"position\":1,\"name\":\"Home\",\"item\":\"https:\/\/verges.design\/ca\/\"},{\"@type\":\"ListItem\",\"position\":2,\"name\":\"Salone del Mobile. Milano 2026\"}]},{\"@type\":\"WebSite\",\"@id\":\"https:\/\/verges.design\/ca\/#website\",\"url\":\"https:\/\/verges.design\/ca\/\",\"name\":\"Verg\u00e9s\",\"description\":\"Las sillas y muebles Verg\u00e9s son el resultado de la conjunci\u00f3n de experiencia, vocaci\u00f3n, calidad y dise\u00f1o. Creamos muebles de dise\u00f1o para contract.\",\"potentialAction\":[{\"@type\":\"SearchAction\",\"target\":{\"@type\":\"EntryPoint\",\"urlTemplate\":\"https:\/\/verges.design\/ca\/?s={search_term_string}\"},\"query-input\":{\"@type\":\"PropertyValueSpecification\",\"valueRequired\":true,\"valueName\":\"search_term_string\"}}],\"inLanguage\":\"ca\"},{\"@type\":\"Person\",\"@id\":\"https:\/\/verges.design\/ca\/#\/schema\/person\/4e3e4bc1e367e78363cdc8a8fe1fd309\",\"name\":\"verges-admin\",\"image\":{\"@type\":\"ImageObject\",\"inLanguage\":\"ca\",\"@id\":\"https:\/\/verges.design\/ca\/#\/schema\/person\/image\/\",\"url\":\"https:\/\/secure.gravatar.com\/avatar\/0602e944b6e8dc007fa3569fdeaf18e2?s=96&d=mm&r=g\",\"contentUrl\":\"https:\/\/secure.gravatar.com\/avatar\/0602e944b6e8dc007fa3569fdeaf18e2?s=96&d=mm&r=g\",\"caption\":\"verges-admin\"},\"url\":\"https:\/\/verges.design\/ca\/author\/verges-admin\/\"}]}<\/script>\n<!-- \/ Yoast SEO plugin. -->","yoast_head_json":{"title":"Salone del Mobile. Milano 2026 - Verg\u00e9s","robots":{"index":"index","follow":"follow","max-snippet":"max-snippet:-1","max-image-preview":"max-image-preview:large","max-video-preview":"max-video-preview:-1"},"canonical":"https:\/\/verges.design\/ca\/salone-del-mobile-milano-2026\/","og_locale":"ca_ES","og_type":"article","og_title":"Salone del Mobile. Milano 2026 - Verg\u00e9s","og_description":"Al Salone del Mobile de Milano 2026, vam presentar les nostres \u00faltimes col\u00b7leccions de reconeguts dissenyadors en un estand dissenyat per Emiliana Design Studio. Anderssen &amp; Voll va presentar TREK, una butaca que combina cuir i fusta per aconseguir una est\u00e8tica natural i duradora. Jonas Wagell va presentar PUNTO, una cadira definida per les seves [&hellip;]","og_url":"https:\/\/verges.design\/ca\/salone-del-mobile-milano-2026\/","og_site_name":"Verg\u00e9s","article_published_time":"2026-04-29T08:35:08+00:00","article_modified_time":"2026-04-29T08:42:18+00:00","author":"verges-admin","twitter_card":"summary_large_image","twitter_misc":{"Escrit per":"verges-admin","Temps estimat de lectura":"1 minut"},"schema":{"@context":"https:\/\/schema.org","@graph":[{"@type":"WebPage","@id":"https:\/\/verges.design\/ca\/salone-del-mobile-milano-2026\/","url":"https:\/\/verges.design\/ca\/salone-del-mobile-milano-2026\/","name":"Salone del Mobile. Milano 2026 - Verg\u00e9s","isPartOf":{"@id":"https:\/\/verges.design\/ca\/#website"},"datePublished":"2026-04-29T08:35:08+00:00","dateModified":"2026-04-29T08:42:18+00:00","author":{"@id":"https:\/\/verges.design\/ca\/#\/schema\/person\/4e3e4bc1e367e78363cdc8a8fe1fd309"},"breadcrumb":{"@id":"https:\/\/verges.design\/ca\/salone-del-mobile-milano-2026\/#breadcrumb"},"inLanguage":"ca","potentialAction":[{"@type":"ReadAction","target":["https:\/\/verges.design\/ca\/salone-del-mobile-milano-2026\/"]}]},{"@type":"BreadcrumbList","@id":"https:\/\/verges.design\/ca\/salone-del-mobile-milano-2026\/#breadcrumb","itemListElement":[{"@type":"ListItem","position":1,"name":"Home","item":"https:\/\/verges.design\/ca\/"},{"@type":"ListItem","position":2,"name":"Salone del Mobile. Milano 2026"}]},{"@type":"WebSite","@id":"https:\/\/verges.design\/ca\/#website","url":"https:\/\/verges.design\/ca\/","name":"Verg\u00e9s","description":"Las sillas y muebles Verg\u00e9s son el resultado de la conjunci\u00f3n de experiencia, vocaci\u00f3n, calidad y dise\u00f1o. Creamos muebles de dise\u00f1o para contract.","potentialAction":[{"@type":"SearchAction","target":{"@type":"EntryPoint","urlTemplate":"https:\/\/verges.design\/ca\/?s={search_term_string}"},"query-input":{"@type":"PropertyValueSpecification","valueRequired":true,"valueName":"search_term_string"}}],"inLanguage":"ca"},{"@type":"Person","@id":"https:\/\/verges.design\/ca\/#\/schema\/person\/4e3e4bc1e367e78363cdc8a8fe1fd309","name":"verges-admin","image":{"@type":"ImageObject","inLanguage":"ca","@id":"https:\/\/verges.design\/ca\/#\/schema\/person\/image\/","url":"https:\/\/secure.gravatar.com\/avatar\/0602e944b6e8dc007fa3569fdeaf18e2?s=96&d=mm&r=g","contentUrl":"https:\/\/secure.gravatar.com\/avatar\/0602e944b6e8dc007fa3569fdeaf18e2?s=96&d=mm&r=g","caption":"verges-admin"},"url":"https:\/\/verges.design\/ca\/author\/verges-admin\/"}]}},"_links":{"self":[{"href":"https:\/\/verges.design\/ca\/wp-json\/wp\/v2\/posts\/27383"}],"collection":[{"href":"https:\/\/verges.design\/ca\/wp-json\/wp\/v2\/posts"}],"about":[{"href":"https:\/\/verges.design\/ca\/wp-json\/wp\/v2\/types\/post"}],"author":[{"embeddable":true,"href":"https:\/\/verges.design\/ca\/wp-json\/wp\/v2\/users\/3"}],"replies":[{"embeddable":true,"href":"https:\/\/verges.design\/ca\/wp-json\/wp\/v2\/comments?post=27383"}],"version-history":[{"count":2,"href":"https:\/\/verges.design\/ca\/wp-json\/wp\/v2\/posts\/27383\/revisions"}],"predecessor-version":[{"id":27389,"href":"https:\/\/verges.design\/ca\/wp-json\/wp\/v2\/posts\/27383\/revisions\/27389"}],"wp:attachment":[{"href":"https:\/\/verges.design\/ca\/wp-json\/wp\/v2\/media?parent=27383"}],"wp:term":[{"taxonomy":"category","embeddable":true,"href":"https:\/\/verges.design\/ca\/wp-json\/wp\/v2\/categories?post=27383"},{"taxonomy":"post_tag","embeddable":true,"href":"https:\/\/verges.design\/ca\/wp-json\/wp\/v2\/tags?post=27383"}],"curies":[{"name":"wp","href":"https:\/\/api.w.org\/{rel}","templated":true}]}}